{"id":2659,"date":"2025-03-15T21:55:01","date_gmt":"2025-03-15T20:55:01","guid":{"rendered":"https:\/\/catholicus.eu\/de\/?p=2659"},"modified":"2025-03-15T21:55:01","modified_gmt":"2025-03-15T20:55:01","slug":"der-via-lucis-ein-weg-des-lichts-und-der-hoffnung-in-zeiten-der-dunkelheit","status":"publish","type":"post","link":"https:\/\/catholicus.eu\/de\/der-via-lucis-ein-weg-des-lichts-und-der-hoffnung-in-zeiten-der-dunkelheit\/","title":{"rendered":"Der Via Lucis: Ein Weg des Lichts und der Hoffnung in Zeiten der Dunkelheit"},"content":{"rendered":"\n<p>In einer Welt, die von Unsicherheit, Leid und einer st\u00e4ndigen Suche nach Sinn gepr\u00e4gt ist, bietet der katholische Glaube einen Leuchtturm der Hoffnung: den&nbsp;<em>Via Lucis<\/em>, den \u201eWeg des Lichts\u201c. Diese Andacht, weniger bekannt als der traditionelle&nbsp;<em>Via Crucis<\/em>&nbsp;(Kreuzweg), l\u00e4dt uns ein, die glorreichen Momente der Auferstehung Christi zu durchschreiten und zu entdecken, wie das Licht seines Sieges \u00fcber den Tod unser Leben heute erhellt. In diesem Artikel werden wir den Ursprung, die Geschichte, die theologische Bedeutung und die aktuelle Relevanz des&nbsp;<em>Via Lucis<\/em>&nbsp;erkunden \u2013 einer spirituellen Praxis, die uns zur Hoffnung und zur Erneuerung unseres Glaubens f\u00fchrt.<\/p>\n\n\n\n<hr class=\"wp-block-separator has-alpha-channel-opacity\"\/>\n\n\n\n<h3 class=\"wp-block-heading\"><strong>Ursprung und Geschichte des Via Lucis<\/strong><\/h3>\n\n\n\n<p>Der&nbsp;<em>Via Lucis<\/em>&nbsp;ist eine relativ junge Andacht in der Geschichte der Kirche, obwohl seine Wurzeln bis in die fr\u00fchen Jahrhunderte des Christentums zur\u00fcckreichen. W\u00e4hrend sich der&nbsp;<em>Via Crucis<\/em>&nbsp;auf das Leiden und den Tod Christi konzentriert, richtet der&nbsp;<em>Via Lucis<\/em>&nbsp;den Blick auf die Ereignisse nach der Auferstehung, vom leeren Grab bis zu Pfingsten. Diese Praxis wurde 1988 von dem italienischen Priester Sabino Palumbieri vorgeschlagen, der die Notwendigkeit sah, den Weg des Schmerzes durch einen Weg des Lichts und der Hoffnung zu erg\u00e4nzen.<\/p>\n\n\n\n<p>Die Idee, \u00fcber die glorreichen Geheimnisse Christi nachzudenken, ist jedoch nicht neu. Die Kirchenv\u00e4ter wie Augustinus und Johannes Chrysostomus haben bereits \u00fcber die Auferstehung als das zentrale Ereignis des christlichen Glaubens nachgedacht. Der heilige Paulus dr\u00fcckt dies in seinem Ersten Brief an die Korinther deutlich aus:&nbsp;<em>\u201eIst aber Christus nicht auferweckt worden, dann ist unsere Verk\u00fcndigung leer, leer auch euer Glaube\u201c<\/em>&nbsp;(1 Korinther 15,14). Der&nbsp;<em>Via Lucis<\/em>&nbsp;nimmt diese Wahrheit auf und verwandelt sie in einen spirituellen Weg, der uns hilft, den Sieg Christi \u00fcber S\u00fcnde und Tod zu verinnerlichen.<\/p>\n\n\n\n<hr class=\"wp-block-separator has-alpha-channel-opacity\"\/>\n\n\n\n<h3 class=\"wp-block-heading\"><strong>Die theologische Bedeutung des Via Lucis<\/strong><\/h3>\n\n\n\n<p>Der&nbsp;<em>Via Lucis<\/em>&nbsp;besteht aus vierzehn Stationen, die die Schl\u00fcsselmomente der Auferstehung und ihre Folgen widerspiegeln. Jede Station ist ein Fenster zum rettenden Handeln Gottes und eine Einladung, im Licht Christi zu leben. Im Folgenden betrachten wir einige der bedeutendsten Stationen:<\/p>\n\n\n\n<ol start=\"1\" class=\"wp-block-list\">\n<li><strong>Jesus steht von den Toten auf<\/strong>: Die Auferstehung ist das Fundament unseres Glaubens. Sie erinnert uns daran, dass Gott selbst in den dunkelsten Momenten die Macht hat, Schmerz in Freude zu verwandeln.<\/li>\n\n\n\n<li><strong>Die Frauen finden das leere Grab<\/strong>: Dieser Moment lehrt uns, auf die Verhei\u00dfungen Gottes zu vertrauen, auch wenn wir nicht vollst\u00e4ndig verstehen, was geschieht.<\/li>\n\n\n\n<li><strong>Jesus erscheint Maria Magdalena<\/strong>: Die Barmherzigkeit Christi zeigt sich in seiner Begegnung mit Maria, die alle reuigen S\u00fcnder repr\u00e4sentiert.<\/li>\n\n\n\n<li><strong>Jesus geht mit den J\u00fcngern nach Emmaus<\/strong>: Diese Station l\u00e4dt uns ein, Christus in unserem t\u00e4glichen Leben zu erkennen, besonders in der Eucharistie.<\/li>\n\n\n\n<li><strong>Jesus erscheint den J\u00fcngern im Abendmahlssaal<\/strong>: Der Friede, den Christus seinen J\u00fcngern schenkt, ist derselbe Friede, den er uns heute inmitten unserer \u00c4ngste und Zweifel anbietet.<\/li>\n\n\n\n<li><strong>Jesus \u00fcbergibt Petrus die Sorge f\u00fcr seine Herde<\/strong>: Dieser Moment unterstreicht die Bedeutung der Kirche und des pastoralen Dienstes im christlichen Leben.<\/li>\n\n\n\n<li><strong>Jesus f\u00e4hrt in den Himmel auf<\/strong>: Die Himmelfahrt erinnert uns daran, dass unsere wahre Heimat im Himmel ist und wir als Pilger in dieser Welt leben sollen.<\/li>\n\n\n\n<li><strong>Der Heilige Geist kommt auf die Apostel herab<\/strong>: Die Gabe des Heiligen Geistes bef\u00e4higt uns, Zeugen Christi in der Welt zu sein.<\/li>\n<\/ol>\n\n\n\n<p>Jede Station ist eine Gelegenheit, dar\u00fcber nachzudenken, wie das Licht Christi unser eigenes Leben erhellt und uns dazu aufruft, Tr\u00e4ger dieses Lichts in einer Welt zu sein, die es so dringend braucht.<\/p>\n\n\n\n<hr class=\"wp-block-separator has-alpha-channel-opacity\"\/>\n\n\n\n<h3 class=\"wp-block-heading\"><strong>Der Via Lucis im heutigen Kontext<\/strong><\/h3>\n\n\n\n<p>In einer Welt, die von Pandemie, Krieg, sozialer Ungerechtigkeit und \u00f6kologischer Krise gepr\u00e4gt ist, bietet der&nbsp;<em>Via Lucis<\/em>&nbsp;eine Botschaft der Hoffnung und der Erneuerung. Er erinnert uns daran, dass, obwohl Leid und Tod unvermeidliche Realit\u00e4ten sind, sie nicht das letzte Wort haben. Die Auferstehung Christi ist die Garantie daf\u00fcr, dass die Liebe Gottes st\u00e4rker ist als der Hass, das Leben st\u00e4rker ist als der Tod und das Licht st\u00e4rker ist als die Finsternis.<\/p>\n\n\n\n<p>Der&nbsp;<em>Via Lucis<\/em>&nbsp;fordert uns auch heraus, Agenten der Ver\u00e4nderung in unserer Welt zu sein. So wie die J\u00fcnger gesandt wurden, um die Frohe Botschaft zu verk\u00fcnden, sind wir berufen, das Licht Christi zu anderen zu tragen. Dies kann sich in Werken der N\u00e4chstenliebe, im Einsatz f\u00fcr Gerechtigkeit, in der F\u00f6rderung des Friedens und in der Sorge um die Sch\u00f6pfung zeigen.<\/p>\n\n\n\n<p>Eine Anekdote veranschaulicht dies: die Geschichte der heiligen Mutter Teresa von Kalkutta. Inmitten der Armut und des Leidens der Bed\u00fcrftigsten sah sie das Licht Christi in jeder Person, der sie diente. Ihr Leben war ein lebendiges Zeugnis des&nbsp;<em>Via Lucis<\/em>, das zeigte, dass die Auferstehung nicht nur ein Ereignis der Vergangenheit ist, sondern eine Realit\u00e4t, die in unserem Leben gegenw\u00e4rtig wird, wenn wir lieben, wie Christus uns geliebt hat.<\/p>\n\n\n\n<hr class=\"wp-block-separator has-alpha-channel-opacity\"\/>\n\n\n\n<h3 class=\"wp-block-heading\"><strong>Wie man den Via Lucis heute praktiziert<\/strong><\/h3>\n\n\n\n<p>Der&nbsp;<em>Via Lucis<\/em>&nbsp;kann individuell oder in Gemeinschaft praktiziert werden, insbesondere in der Osterzeit. Hier sind einige Vorschl\u00e4ge, wie Sie diese Andacht in Ihr spirituelles Leben integrieren k\u00f6nnen:<\/p>\n\n\n\n<ol start=\"1\" class=\"wp-block-list\">\n<li><strong>Meditieren Sie \u00fcber jede Station<\/strong>: Nehmen Sie sich Zeit, \u00fcber jede der vierzehn Stationen nachzudenken und fragen Sie sich, wie sie mit Ihrem Leben in Verbindung steht.<\/li>\n\n\n\n<li><strong>Beten Sie mit der Heiligen Schrift<\/strong>: Lesen Sie die biblischen Abschnitte, die zu jeder Station geh\u00f6ren, und lassen Sie das Wort Gottes Ihr Herz erleuchten.<\/li>\n\n\n\n<li><strong>Leben Sie in Hoffnung<\/strong>: Suchen Sie nach konkreten M\u00f6glichkeiten, das Licht Christi zu anderen zu tragen, sei es durch Taten der G\u00fcte, Worte der Ermutigung oder soziales Engagement.<\/li>\n\n\n\n<li><strong>Teilen Sie mit anderen<\/strong>: Laden Sie Ihre Familie, Freunde oder Ihre Pfarrgemeinde ein, den\u00a0<em>Via Lucis<\/em>\u00a0gemeinsam zu gehen, und schaffen Sie so einen Raum f\u00fcr Gebet und Gemeinschaft.<\/li>\n<\/ol>\n\n\n\n<hr class=\"wp-block-separator has-alpha-channel-opacity\"\/>\n\n\n\n<h3 class=\"wp-block-heading\"><strong>Schlussfolgerung: Ein Weg zum ewigen Licht<\/strong><\/h3>\n\n\n\n<p>Der&nbsp;<em>Via Lucis<\/em>&nbsp;ist weit mehr als eine Andacht; er ist ein Weg, der uns zur F\u00fclle des Lebens in Christus f\u00fchrt. In einer Welt, die oft von Dunkelheit dominiert zu sein scheint, erinnert uns diese Praxis daran, dass das Licht der Auferstehung kraftvoll leuchtet und uns einl\u00e4dt, in Hoffnung, Freude und Vertrauen auf die Verhei\u00dfungen Gottes zu leben.<\/p>\n\n\n\n<p>Wie uns das Johannesevangelium sagt:&nbsp;<em>\u201eDas Licht leuchtet in der Finsternis, und die Finsternis hat es nicht erfasst\u201c<\/em>&nbsp;(Johannes 1,5). M\u00f6ge der&nbsp;<em>Via Lucis<\/em>&nbsp;uns inspirieren, immer auf dieses Licht zuzugehen, es in alle Winkel der Welt zu tragen und unser Leben und das Leben anderer durch die Kraft der Liebe Christi zu verwandeln. Amen.<\/p>\n","protected":false},"excerpt":{"rendered":"<p>In einer Welt, die von Unsicherheit, Leid und einer st\u00e4ndigen Suche nach Sinn gepr\u00e4gt ist, bietet der katholische Glaube einen Leuchtturm der Hoffnung: den&nbsp;Via Lucis, den \u201eWeg des Lichts\u201c. Diese Andacht, weniger bekannt als der traditionelle&nbsp;Via Crucis&nbsp;(Kreuzweg), l\u00e4dt uns ein, die glorreichen Momente der Auferstehung Christi zu durchschreiten und zu entdecken, wie das Licht seines &hellip;<\/p>\n","protected":false},"author":3,"featured_media":2660,"comment_status":"open","ping_status":"open","sticky":false,"template":"","format":"standard","meta":{"_seopress_robots_primary_cat":"","_seopress_titles_title":"","_seopress_titles_desc":"","_seopress_robots_index":"","footnotes":""},"categories":[58,40],"tags":[813],"class_list":["post-2659","post","type-post","status-publish","format-standard","has-post-thumbnail","","category-gebet-und-geistliches-leben","category-gebet-und-spiritualitaet","tag-via-lucis"],"_links":{"self":[{"href":"https:\/\/catholicus.eu\/de\/wp-json\/wp\/v2\/posts\/2659","targetHints":{"allow":["GET"]}}],"collection":[{"href":"https:\/\/catholicus.eu\/de\/wp-json\/wp\/v2\/posts"}],"about":[{"href":"https:\/\/catholicus.eu\/de\/wp-json\/wp\/v2\/types\/post"}],"author":[{"embeddable":true,"href":"https:\/\/catholicus.eu\/de\/wp-json\/wp\/v2\/users\/3"}],"replies":[{"embeddable":true,"href":"https:\/\/catholicus.eu\/de\/wp-json\/wp\/v2\/comments?post=2659"}],"version-history":[{"count":1,"href":"https:\/\/catholicus.eu\/de\/wp-json\/wp\/v2\/posts\/2659\/revisions"}],"predecessor-version":[{"id":2661,"href":"https:\/\/catholicus.eu\/de\/wp-json\/wp\/v2\/posts\/2659\/revisions\/2661"}],"wp:featuredmedia":[{"embeddable":true,"href":"https:\/\/catholicus.eu\/de\/wp-json\/wp\/v2\/media\/2660"}],"wp:attachment":[{"href":"https:\/\/catholicus.eu\/de\/wp-json\/wp\/v2\/media?parent=2659"}],"wp:term":[{"taxonomy":"category","embeddable":true,"href":"https:\/\/catholicus.eu\/de\/wp-json\/wp\/v2\/categories?post=2659"},{"taxonomy":"post_tag","embeddable":true,"href":"https:\/\/catholicus.eu\/de\/wp-json\/wp\/v2\/tags?post=2659"}],"curies":[{"name":"wp","href":"https:\/\/api.w.org\/{rel}","templated":true}]}}