{"id":2656,"date":"2025-03-15T18:26:57","date_gmt":"2025-03-15T17:26:57","guid":{"rendered":"https:\/\/catholicus.eu\/de\/?p=2656"},"modified":"2025-03-15T18:26:57","modified_gmt":"2025-03-15T17:26:57","slug":"feierlichkeit-fest-und-gedenktag-schluessel-zum-vollen-erleben-des-liturgischen-kalenders","status":"publish","type":"post","link":"https:\/\/catholicus.eu\/de\/feierlichkeit-fest-und-gedenktag-schluessel-zum-vollen-erleben-des-liturgischen-kalenders\/","title":{"rendered":"Feierlichkeit, Fest und Gedenktag: Schl\u00fcssel zum vollen Erleben des liturgischen Kalenders"},"content":{"rendered":"\n<p>Jeden Tag bietet uns die Kirche durch ihren liturgischen Kalender einen geistlichen Reichtum. Doch nicht alle Feiern haben denselben Rang: Einige zeichnen sich durch gr\u00f6\u00dfere Feierlichkeit aus, w\u00e4hrend andere einen bescheideneren Charakter haben. In diesem Artikel werden wir die drei Feiergrade der katholischen Liturgie \u2013 Feierlichkeit, Fest und Gedenktag \u2013 eingehend untersuchen, ihre theologische Bedeutung verstehen, ihre Wichtigkeit f\u00fcr unser geistliches Leben erfassen und lernen, wie wir sie im Alltag intensiver erleben k\u00f6nnen.<\/p>\n\n\n\n<hr class=\"wp-block-separator has-alpha-channel-opacity\"\/>\n\n\n\n<h3 class=\"wp-block-heading\">1. Der Sinn des liturgischen Kalenders: Eine lebendige Heilsgeschichte<\/h3>\n\n\n\n<p>Die Kirche erinnert in ihrer Weisheit nicht nur an die gro\u00dfen Geheimnisse des Glaubens, sondern verteilt sie im Laufe des Jahres auf den liturgischen Kalender. Diese Struktur ist nicht willk\u00fcrlich, sondern spiegelt die Heilsgeschichte wider und hilft uns, in einen geistlichen Rhythmus einzutreten, der uns Gott n\u00e4herbringt.<\/p>\n\n\n\n<p>Seit apostolischer Zeit feiern Christen die wichtigsten Ereignisse im Leben Christi, der Jungfrau Maria und der Heiligen. Im Laufe der Zeit hat die Kirche verschiedene Feiergrade eingef\u00fchrt, um die bedeutendsten Feste von den weniger wichtigen liturgischen Gedenktagen zu unterscheiden und so ein Gleichgewicht im geistlichen Leben der Gl\u00e4ubigen zu gew\u00e4hrleisten.<\/p>\n\n\n\n<p>Diese Feiergrade \u2013 Feierlichkeit, Fest und Gedenktag \u2013 helfen uns nicht nur, den Gottesdienst geordnet zu feiern, sondern bieten uns auch eine geistliche P\u00e4dagogik, die, wenn sie gut genutzt wird, unser Glaubensleben verwandeln kann.<\/p>\n\n\n\n<hr class=\"wp-block-separator has-alpha-channel-opacity\"\/>\n\n\n\n<h3 class=\"wp-block-heading\">2. Feierlichkeiten: Die H\u00f6hepunkte des Glaubens<\/h3>\n\n\n\n<h4 class=\"wp-block-heading\">Was ist eine Feierlichkeit?<\/h4>\n\n\n\n<p>Die Feierlichkeiten sind die h\u00f6chsten liturgischen Feste der Kirche. Sie sind den zentralen Geheimnissen unseres Glaubens gewidmet, wie der Auferstehung Christi, der Menschwerdung, Pfingsten und wichtigen Ereignissen im Leben der Jungfrau Maria sowie herausragender Heiliger.<\/p>\n\n\n\n<h4 class=\"wp-block-heading\">Merkmale einer Feierlichkeit<\/h4>\n\n\n\n<ul class=\"wp-block-list\">\n<li>Sie werden mit gro\u00dfer Pracht und liturgischem Glanz gefeiert.<\/li>\n\n\n\n<li>Sie haben eigene Gebete in der Messe und im Stundengebet.<\/li>\n\n\n\n<li>Vor dem Evangelium werden zwei Lesungen verk\u00fcndet, statt einer.<\/li>\n\n\n\n<li>Das Gloria und das Credo werden gebetet.<\/li>\n\n\n\n<li>Wenn sie auf einen Sonntag fallen, ersetzen sie die Sonntagsliturgie (au\u00dfer im Advent, in der Fastenzeit und im Osterfestkreis).<\/li>\n\n\n\n<li>Einige haben eine liturgische Vigil, wie Weihnachten und Ostern.<\/li>\n<\/ul>\n\n\n\n<h4 class=\"wp-block-heading\">Beispiele f\u00fcr Feierlichkeiten<\/h4>\n\n\n\n<ul class=\"wp-block-list\">\n<li><strong>Weihnachten (25. Dezember)<\/strong> und <strong>Ostern (bewegliches Datum)<\/strong>: Die beiden zentralen Feierlichkeiten unseres Glaubens.<\/li>\n\n\n\n<li><strong>Unbefleckte Empf\u00e4ngnis (8. Dezember)<\/strong>: Ein grundlegendes marianisches Dogma.<\/li>\n\n\n\n<li><strong>Allerheiligen (1. November)<\/strong>: Feier der himmlischen Herrlichkeit der Kirche.<\/li>\n<\/ul>\n\n\n\n<h4 class=\"wp-block-heading\">Die Feierlichkeit im Alltag leben<\/h4>\n\n\n\n<p>Feierlichkeiten sind nicht nur f\u00fcr die Liturgie, sondern auch f\u00fcr unser t\u00e4gliches Leben gedacht. Einige Wege, sie zu leben:<\/p>\n\n\n\n<ul class=\"wp-block-list\">\n<li>Mit Andacht die Messe besuchen, auch wenn sie nicht geboten ist.<\/li>\n\n\n\n<li>Mehr Zeit im Gebet verbringen und \u00fcber das gefeierte Geheimnis meditieren.<\/li>\n\n\n\n<li>Mit der Familie oder in der Gemeinschaft feiern und eine besondere Mahlzeit teilen.<\/li>\n\n\n\n<li>Werke der N\u00e4chstenliebe als Zeichen der Dankbarkeit gegen\u00fcber Gott aus\u00fcben.<\/li>\n<\/ul>\n\n\n\n<hr class=\"wp-block-separator has-alpha-channel-opacity\"\/>\n\n\n\n<h3 class=\"wp-block-heading\">3. Feste: Freudenfeste der Kirche<\/h3>\n\n\n\n<h4 class=\"wp-block-heading\">Was ist ein Fest?<\/h4>\n\n\n\n<p>Feste feiern wichtige Ereignisse, haben jedoch einen niedrigeren Rang als die Feierlichkeiten. Sie betreffen haupts\u00e4chlich Jesus Christus, die Jungfrau Maria und bedeutende Heilige.<\/p>\n\n\n\n<h4 class=\"wp-block-heading\">Merkmale eines Festes<\/h4>\n\n\n\n<ul class=\"wp-block-list\">\n<li>Das Gloria wird gebetet, aber nicht das Credo.<\/li>\n\n\n\n<li>An Wochentagen gibt es nur eine Lesung vor dem Evangelium.<\/li>\n\n\n\n<li>Wenn sie auf einen Sonntag fallen, verdr\u00e4ngen sie nicht die Sonntagsliturgie.<\/li>\n\n\n\n<li>Sie haben keine verpflichtenden liturgischen Vespern.<\/li>\n<\/ul>\n\n\n\n<h4 class=\"wp-block-heading\">Beispiele f\u00fcr Feste<\/h4>\n\n\n\n<ul class=\"wp-block-list\">\n<li><strong>Verkl\u00e4rung des Herrn (6. August)<\/strong>: Offenbarung der Herrlichkeit Christi.<\/li>\n\n\n\n<li><strong>Fest der Erzengel Michael, Gabriel und Raphael (29. September)<\/strong>.<\/li>\n\n\n\n<li><strong>Darstellung des Herrn im Tempel (2. Februar)<\/strong>: Auch bekannt als Maria Lichtmess.<\/li>\n<\/ul>\n\n\n\n<h4 class=\"wp-block-heading\">Ein Fest liturgisch leben<\/h4>\n\n\n\n<p>Auch wenn sie weniger feierlich sind, bieten die Feste die M\u00f6glichkeit:<\/p>\n\n\n\n<ul class=\"wp-block-list\">\n<li>Das Leben des Heiligen oder das gefeierte Ereignis zu vertiefen.<\/li>\n\n\n\n<li>Ein besonderes Gebet des Dankes an Gott zu sprechen.<\/li>\n\n\n\n<li>Die Tageslesungen zu lesen und zu meditieren, um ihre Bedeutung f\u00fcr unser Leben zu verstehen.<\/li>\n<\/ul>\n\n\n\n<hr class=\"wp-block-separator has-alpha-channel-opacity\"\/>\n\n\n\n<h3 class=\"wp-block-heading\">4. Gedenktage: Erinnerung an die Heiligen und das Handeln Gottes in der Geschichte<\/h3>\n\n\n\n<h4 class=\"wp-block-heading\">Was ist ein Gedenktag?<\/h4>\n\n\n\n<p>Die Gedenktage sind kleinere Feiern, die an Heilige und bedeutende Ereignisse erinnern, jedoch ohne die Gr\u00f6\u00dfe von Festen oder Feierlichkeiten. Man unterscheidet:<\/p>\n\n\n\n<ul class=\"wp-block-list\">\n<li><strong>Gebotene Gedenktage<\/strong>: Sie m\u00fcssen in die Liturgie des Tages aufgenommen werden.<\/li>\n\n\n\n<li><strong>Freie Gedenktage<\/strong>: Sie k\u00f6nnen aus pastoralen Gr\u00fcnden weggelassen werden.<\/li>\n<\/ul>\n\n\n\n<h4 class=\"wp-block-heading\">Merkmale eines Gedenktages<\/h4>\n\n\n\n<ul class=\"wp-block-list\">\n<li>Das Gloria und das Credo werden nicht gebetet.<\/li>\n\n\n\n<li>Die Tagesliturgie kann mit der des Heiligen kombiniert werden.<\/li>\n\n\n\n<li>Sie beeinflussen die Struktur des Stundengebets nicht wesentlich.<\/li>\n<\/ul>\n\n\n\n<h4 class=\"wp-block-heading\">Beispiele f\u00fcr Gedenktage<\/h4>\n\n\n\n<ul class=\"wp-block-list\">\n<li><strong>Heiliger Franz von Assisi (4. Oktober)<\/strong>: Patron der Armen und der \u00d6kologie.<\/li>\n\n\n\n<li><strong>Heilige Therese vom Kinde Jesu (1. Oktober)<\/strong>: Kirchenlehrerin und Apostelin des geistlichen Kindeswegs.<\/li>\n<\/ul>\n\n\n\n<h4 class=\"wp-block-heading\">Den Gedenktag im Alltag leben<\/h4>\n\n\n\n<ul class=\"wp-block-list\">\n<li>Sich einen Moment Zeit nehmen, um \u00fcber das Leben des Heiligen oder das Ereignis zu lesen.<\/li>\n\n\n\n<li>Ein Gebet zur F\u00fcrbitte des Heiligen sprechen.<\/li>\n\n\n\n<li>Seine Tugenden nachahmen und versuchen, den Glauben tiefer zu leben.<\/li>\n<\/ul>\n\n\n\n<hr class=\"wp-block-separator has-alpha-channel-opacity\"\/>\n\n\n\n<h3 class=\"wp-block-heading\">5. Warum ist es wichtig, diese liturgischen Feiergrade zu kennen und zu leben?<\/h3>\n\n\n\n<p>Die Kenntnis der Feiergrade in der Kirche hilft uns:<\/p>\n\n\n\n<ul class=\"wp-block-list\">\n<li><strong>Unser Glaubensleben zu bereichern<\/strong>, indem wir die Liturgie tiefer erleben.<\/li>\n\n\n\n<li><strong>Ein gr\u00f6\u00dferes Gemeinschaftsgef\u00fchl zu entwickeln<\/strong>, indem wir uns mit der ganzen Kirche in der Feier vereinen.<\/li>\n\n\n\n<li><strong>Unsere Beziehung zu den Heiligen zu st\u00e4rken<\/strong>, indem wir sie als Vorbilder betrachten.<\/li>\n\n\n\n<li><strong>Die Zeit heilig zu leben<\/strong>, indem wir unser Leben um Gott herum ordnen.<\/li>\n<\/ul>\n\n\n\n<p>Papst Benedikt XVI. sagte, dass die Liturgie nicht nur eine Ansammlung von Riten ist, sondern <strong>die Schule, in der wir lernen, Gott zu lieben<\/strong>. Wenn wir diese Feiern in unseren Alltag integrieren, wird unser Glaube reicher und tiefer.<\/p>\n\n\n\n<hr class=\"wp-block-separator has-alpha-channel-opacity\"\/>\n\n\n\n<h3 class=\"wp-block-heading\">Fazit: Mit der Kirche durch das liturgische Jahr gehen<\/h3>\n\n\n\n<p>Feierlichkeiten, Feste und Gedenktage sind keine blo\u00dfen liturgischen Formalit\u00e4ten, sondern <strong>Gnadenmomente<\/strong>, die die Kirche uns zur geistlichen Reifung schenkt. Jede Feier hat ihren eigenen Reichtum und hilft uns auf besondere Weise, unseren Glauben zu vertiefen.<\/p>\n\n\n\n<p>Die Einladung ist klar: <strong>Lassen wir uns auf jede Feier intensiv ein<\/strong>, damit sie unser Herz verwandelt und uns Gott n\u00e4herbringt. So wird unser christlicher Weg weder monoton noch routinem\u00e4\u00dfig, sondern eine Pilgerreise voller Begegnungen mit dem Herrn im Laufe des Jahres.<\/p>\n\n\n\n<p><strong>\u201eDies ist der Tag, den der Herr gemacht hat; wir wollen jubeln und uns an ihm freuen.\u201c<\/strong> (Psalm 118, 24)<\/p>\n","protected":false},"excerpt":{"rendered":"<p>Jeden Tag bietet uns die Kirche durch ihren liturgischen Kalender einen geistlichen Reichtum. Doch nicht alle Feiern haben denselben Rang: Einige zeichnen sich durch gr\u00f6\u00dfere Feierlichkeit aus, w\u00e4hrend andere einen bescheideneren Charakter haben. In diesem Artikel werden wir die drei Feiergrade der katholischen Liturgie \u2013 Feierlichkeit, Fest und Gedenktag \u2013 eingehend untersuchen, ihre theologische Bedeutung &hellip;<\/p>\n","protected":false},"author":3,"featured_media":2657,"comment_status":"open","ping_status":"open","sticky":false,"template":"","format":"standard","meta":{"_seopress_robots_primary_cat":"","_seopress_titles_title":"","_seopress_titles_desc":"","_seopress_robots_index":"","footnotes":""},"categories":[38,52],"tags":[812,810,811],"class_list":["post-2656","post","type-post","status-publish","format-standard","has-post-thumbnail","","category-geschichte-und-tradition","category-liturgie-und-kirchenjahr","tag-feiergrade","tag-feierlichkeit","tag-fest-und-gedenktag"],"_links":{"self":[{"href":"https:\/\/catholicus.eu\/de\/wp-json\/wp\/v2\/posts\/2656","targetHints":{"allow":["GET"]}}],"collection":[{"href":"https:\/\/catholicus.eu\/de\/wp-json\/wp\/v2\/posts"}],"about":[{"href":"https:\/\/catholicus.eu\/de\/wp-json\/wp\/v2\/types\/post"}],"author":[{"embeddable":true,"href":"https:\/\/catholicus.eu\/de\/wp-json\/wp\/v2\/users\/3"}],"replies":[{"embeddable":true,"href":"https:\/\/catholicus.eu\/de\/wp-json\/wp\/v2\/comments?post=2656"}],"version-history":[{"count":1,"href":"https:\/\/catholicus.eu\/de\/wp-json\/wp\/v2\/posts\/2656\/revisions"}],"predecessor-version":[{"id":2658,"href":"https:\/\/catholicus.eu\/de\/wp-json\/wp\/v2\/posts\/2656\/revisions\/2658"}],"wp:featuredmedia":[{"embeddable":true,"href":"https:\/\/catholicus.eu\/de\/wp-json\/wp\/v2\/media\/2657"}],"wp:attachment":[{"href":"https:\/\/catholicus.eu\/de\/wp-json\/wp\/v2\/media?parent=2656"}],"wp:term":[{"taxonomy":"category","embeddable":true,"href":"https:\/\/catholicus.eu\/de\/wp-json\/wp\/v2\/categories?post=2656"},{"taxonomy":"post_tag","embeddable":true,"href":"https:\/\/catholicus.eu\/de\/wp-json\/wp\/v2\/tags?post=2656"}],"curies":[{"name":"wp","href":"https:\/\/api.w.org\/{rel}","templated":true}]}}