{"id":2649,"date":"2025-03-15T17:19:13","date_gmt":"2025-03-15T16:19:13","guid":{"rendered":"https:\/\/catholicus.eu\/de\/?p=2649"},"modified":"2025-03-15T17:19:13","modified_gmt":"2025-03-15T16:19:13","slug":"durch-meine-schuld-durch-meine-schuld-durch-meine-uebergrosse-schuld-die-tiefe-bedeutung-des-brustschlags-in-der-heiligen-messe","status":"publish","type":"post","link":"https:\/\/catholicus.eu\/de\/durch-meine-schuld-durch-meine-schuld-durch-meine-uebergrosse-schuld-die-tiefe-bedeutung-des-brustschlags-in-der-heiligen-messe\/","title":{"rendered":"\u201eDurch meine Schuld, durch meine Schuld, durch meine \u00fcbergro\u00dfe Schuld\u201c: Die tiefe Bedeutung des Brustschlags in der Heiligen Messe"},"content":{"rendered":"\n<p>Wenn wir w\u00e4hrend der Heiligen Messe das <strong>Conf\u00edteor<\/strong> beten, dieses uralte Gebet der S\u00fcndenbekenntnis, begleiten wir unsere Worte mit einer feierlichen Geste: <strong>Wir schlagen dreimal auf unsere Brust<\/strong>, w\u00e4hrend wir sagen: <em>\u201eDurch meine Schuld, durch meine Schuld, durch meine \u00fcbergro\u00dfe Schuld.\u201c<\/em><\/p>\n\n\n\n<p>Diese Handlung, die f\u00fcr manche wie eine blo\u00dfe Tradition erscheinen mag, birgt in Wirklichkeit eine immense spirituelle und theologische Tiefe.<\/p>\n\n\n\n<p>Doch woher stammt diese Geste? Warum schlagen wir auf unsere Brust, und was bedeutet sie f\u00fcr unser christliches Leben? In diesem Artikel werden wir den Ursprung, die Geschichte und die aktuelle Bedeutung des Brustschlags in der Messe untersuchen und seine theologische Tragweite sowie seine transformative Kraft f\u00fcr unsere Beziehung zu Gott vertiefen.<\/p>\n\n\n\n<hr class=\"wp-block-separator has-alpha-channel-opacity\"\/>\n\n\n\n<h2 class=\"wp-block-heading\"><strong>1. Der biblische Ursprung des Brustschlags<\/strong><\/h2>\n\n\n\n<p>Das Schlagen auf die Brust als Ausdruck der Reue hat eine klare biblische Grundlage. In der Heiligen Schrift finden wir diese Geste in Momenten tiefster Zerknirschung und Demut vor Gott.<\/p>\n\n\n\n<p>Eine der pr\u00e4gendsten Stellen ist das <strong>Gleichnis vom Pharis\u00e4er und Z\u00f6llner<\/strong> (Lk 18,9-14). W\u00e4hrend der Pharis\u00e4er mit Stolz und Selbstgerechtigkeit betet, <strong>schl\u00e4gt sich der Z\u00f6llner an die Brust und ruft aus<\/strong>: <em>\u201eGott, sei mir S\u00fcnder gn\u00e4dig!\u201c<\/em> Jesus sagt uns, dass letzterer gerechtfertigt nach Hause ging, da seine Demut und Reue aufrichtig waren.<\/p>\n\n\n\n<p>Ein weiterer zentraler Bibelvers findet sich in der <strong>Passion Christi<\/strong>. Nach Jesu Tod am Kreuz berichtet uns Lukas: <em>\u201eUnd als alles Volk, das dabei war und zusah, sah, was da geschah, schlugen sie sich an die Brust und kehrten zur\u00fcck.\u201c<\/em> (Lk 23,48).<\/p>\n\n\n\n<p>Diese Geste war also eine sichtbare Manifestation der Trauer \u00fcber die S\u00fcnde und eine Bitte um Gottes Erbarmen.<\/p>\n\n\n\n<p>Seit biblischen Zeiten ist das Schlagen auf die Brust somit <strong>ein \u00e4u\u00dferes Zeichen innerer Reue<\/strong> und das Eingest\u00e4ndnis eigener Schuld.<\/p>\n\n\n\n<hr class=\"wp-block-separator has-alpha-channel-opacity\"\/>\n\n\n\n<h2 class=\"wp-block-heading\"><strong>2. Die Entwicklung dieser Geste in der Liturgie der Kirche<\/strong><\/h2>\n\n\n\n<p>Bereits in den ersten Jahrhunderten des Christentums \u00fcbernahmen die Gl\u00e4ubigen diese Geste als k\u00f6rperlichen Ausdruck der Reue. Sie wurde fester Bestandteil der Liturgie, insbesondere beim \u00f6ffentlichen S\u00fcndenbekenntnis.<\/p>\n\n\n\n<p>Der heilige Augustinus forderte in seinen Predigten die Gl\u00e4ubigen auf, sich an die Brust zu schlagen, und sagte: <em>\u201eWir schlagen unsere Brust: Es ist das Gericht des Herzens. Wir bekennen unsere S\u00fcnden und werfen sie von uns.\u201c<\/em><\/p>\n\n\n\n<p>Mit der Zeit wurde diese Geste besonders mit dem <strong>Conf\u00edteor<\/strong>, dem Bu\u00dfgebet der Messe, verbunden. Im traditionellen lateinischen Ritus sprechen Priester und Gl\u00e4ubige:<\/p>\n\n\n\n<p><em>&#8222;Conf\u00edteor Deo omnipot\u00e9nti, be\u00e1t\u00e6 Mar\u00ed\u00e6 semper V\u00edrgini, be\u00e1to Micha\u00e9li Arch\u00e1ngelo, be\u00e1to Io\u00e1nni Bapt\u00edst\u00e6, sanctis Ap\u00f3stolis Petro et Paulo, \u00f3mnibus Sanctis, et vobis, fratres, quia pecc\u00e1vi nimis cogitati\u00f3ne, verbo et \u00f3pere: mea culpa, mea culpa, mea m\u00e1xima culpa.&#8220;<\/em><\/p>\n\n\n\n<p>W\u00e4hrend sie <em>\u201emea culpa, mea culpa, mea m\u00e1xima culpa\u201c<\/em> sagen, <strong>schlagen die Gl\u00e4ubigen dreimal auf ihre Brust<\/strong> und erkennen dem\u00fctig und reum\u00fctig ihre S\u00fcnden an.<\/p>\n\n\n\n<hr class=\"wp-block-separator has-alpha-channel-opacity\"\/>\n\n\n\n<h2 class=\"wp-block-heading\"><strong>3. Die tiefe theologische Bedeutung dieser Geste<\/strong><\/h2>\n\n\n\n<p>Das Schlagen auf die Brust hat mehrere spirituelle Bedeutungen:<\/p>\n\n\n\n<h3 class=\"wp-block-heading\"><strong>a) Ein Zeichen der Demut und der Anerkennung der S\u00fcnde<\/strong><\/h3>\n\n\n\n<p>Das Schlagen auf die Brust ist ein Akt der Demut. In der Heiligen Schrift symbolisiert das Herz das Zentrum des Menschen, den Sitz seiner Gedanken, Absichten und Entscheidungen. Indem wir darauf schlagen, bekennen wir, dass unsere S\u00fcnden aus unserem tiefsten Inneren kommen.<\/p>\n\n\n\n<h3 class=\"wp-block-heading\"><strong>b) Ein Zeichen der aufrichtigen Umkehr<\/strong><\/h3>\n\n\n\n<p>Diese Geste ist keine blo\u00dfe Formalit\u00e4t, sondern ein Ruf zur echten Umkehr. Sie ist ein Bekenntnis, dass wir unser Leben \u00e4ndern, gegen die S\u00fcnde k\u00e4mpfen und nach Gottes Gnade streben wollen.<\/p>\n\n\n\n<h3 class=\"wp-block-heading\"><strong>c) Eine Erinnerung an die g\u00f6ttliche Barmherzigkeit<\/strong><\/h3>\n\n\n\n<p>Obwohl wir unsere Schuld anerkennen, ist diese Geste kein Zeichen der Verzweiflung, sondern des Vertrauens in Gottes Vergebung. Sie erinnert uns daran, dass Gott den reuigen S\u00fcnder nicht verwirft, sondern ihn mit offenen Armen aufnimmt.<\/p>\n\n\n\n<hr class=\"wp-block-separator has-alpha-channel-opacity\"\/>\n\n\n\n<h2 class=\"wp-block-heading\"><strong>4. Die heutige Bedeutung dieser Geste f\u00fcr unser geistliches Leben<\/strong><\/h2>\n\n\n\n<p>In unserer Zeit besteht die Gefahr, in zwei Extreme zu verfallen: <strong>die S\u00fcnde zu verharmlosen<\/strong> oder <strong>an ihr zu verzweifeln<\/strong>. Der Brustschlag hilft uns, ein Gleichgewicht zwischen diesen beiden Irrt\u00fcmern zu finden.<\/p>\n\n\n\n<h3 class=\"wp-block-heading\"><strong>a) Das Bewusstsein f\u00fcr die S\u00fcnde wiederentdecken<\/strong><\/h3>\n\n\n\n<p>In einer Gesellschaft, die den Begriff der S\u00fcnde oft verw\u00e4ssert, erinnert uns diese Geste an die Schwere unserer Fehler und die Notwendigkeit der Umkehr. Sie ist kein leeres Ritual, sondern ein Aufruf zur Gewissenserforschung und zur Suche nach Vers\u00f6hnung mit Gott.<\/p>\n\n\n\n<h3 class=\"wp-block-heading\"><strong>b) Die Verzweiflung vermeiden<\/strong><\/h3>\n\n\n\n<p>Gleichzeitig erinnert uns diese Handlung daran, dass Gottes Barmherzigkeit grenzenlos ist. Egal wie oft wir fallen \u2013 wenn wir aufrichtig bereuen und das Sakrament der Beichte empfangen, wird Gott uns vergeben.<\/p>\n\n\n\n<h3 class=\"wp-block-heading\"><strong>c) Die Heilige Messe mit gr\u00f6\u00dferer Hingabe erleben<\/strong><\/h3>\n\n\n\n<p>Wenn wir diese Geste bewusst ausf\u00fchren, wird die Messe zu einer tieferen Begegnung mit Gott. Wir bereiten uns besser darauf vor, die Eucharistie zu empfangen, indem wir unsere Unw\u00fcrdigkeit anerkennen, aber gleichzeitig auf Seine Liebe vertrauen.<\/p>\n\n\n\n<hr class=\"wp-block-separator has-alpha-channel-opacity\"\/>\n\n\n\n<h2 class=\"wp-block-heading\"><strong>5. Wie k\u00f6nnen wir diese Geste bewusster ausf\u00fchren?<\/strong><\/h2>\n\n\n\n<p>Damit der Brustschlag nicht zu einer blo\u00dfen mechanischen Bewegung wird, k\u00f6nnen wir Folgendes tun:<\/p>\n\n\n\n<ol class=\"wp-block-list\">\n<li><strong>Aufmerksam sprechen<\/strong>: W\u00e4hrend wir sagen <em>\u201eDurch meine Schuld, durch meine Schuld, durch meine \u00fcbergro\u00dfe Schuld\u201c<\/em>, sollten wir uns unserer S\u00fcnden wirklich bewusst sein.<\/li>\n\n\n\n<li><strong>Eine kurze innere Gebetsformel hinzuf\u00fcgen<\/strong>: Wir k\u00f6nnen in unserem Herzen beten: <em>\u201eHerr, sei mir S\u00fcnder gn\u00e4dig,\u201c<\/em> wie der Z\u00f6llner im Evangelium.<\/li>\n\n\n\n<li><strong>Eine gute Gewissenserforschung machen<\/strong>: Diese Geste sollte uns dazu anregen, unser Handeln zu reflektieren und regelm\u00e4\u00dfig das Sakrament der Beichte zu empfangen.<\/li>\n\n\n\n<li><strong>Uns an Gottes Barmherzigkeit erinnern<\/strong>: Es geht nicht darum, in Schuldgef\u00fchlen gefangen zu bleiben, sondern sich f\u00fcr die verwandelnde Liebe Gottes zu \u00f6ffnen.<\/li>\n<\/ol>\n\n\n\n<hr class=\"wp-block-separator has-alpha-channel-opacity\"\/>\n\n\n\n<h2 class=\"wp-block-heading\"><strong>Fazit: Eine Geste, die uns zur Heiligkeit f\u00fchrt<\/strong><\/h2>\n\n\n\n<p>Das Schlagen auf die Brust ist nicht einfach ein wiederholtes Ritual, sondern <strong>ein tiefgehender Ausdruck des geistlichen Lebens<\/strong>. Durch diese Geste erkennen wir unsere Schw\u00e4che, \u00f6ffnen uns der Umkehr und vertrauen auf Gottes Barmherzigkeit.<\/p>\n\n\n\n<p>Jedes Mal, wenn wir auf unsere Brust schlagen und sprechen: <em>\u201eDurch meine Schuld, durch meine Schuld, durch meine \u00fcbergro\u00dfe Schuld,\u201c<\/em> sollten wir dies mit der Haltung des Z\u00f6llners im Evangelium tun \u2013 mit einem dem\u00fctigen und reuigen Herzen. Wenn wir diese Geste aufrichtig leben, kann sie zu einem kraftvollen Weg zur Heiligkeit werden.<\/p>\n\n\n\n<p>M\u00f6ge uns jeder Schlag auf die Brust daran erinnern, dass wir zwar S\u00fcnder sind, aber zur Gnade und zur unendlichen Liebe Gottes berufen. <strong>Denn Seine Barmherzigkeit ist immer gr\u00f6\u00dfer als unsere Schuld.<\/strong><\/p>\n","protected":false},"excerpt":{"rendered":"<p>Wenn wir w\u00e4hrend der Heiligen Messe das Conf\u00edteor beten, dieses uralte Gebet der S\u00fcndenbekenntnis, begleiten wir unsere Worte mit einer feierlichen Geste: Wir schlagen dreimal auf unsere Brust, w\u00e4hrend wir sagen: \u201eDurch meine Schuld, durch meine Schuld, durch meine \u00fcbergro\u00dfe Schuld.\u201c Diese Handlung, die f\u00fcr manche wie eine blo\u00dfe Tradition erscheinen mag, birgt in Wirklichkeit &hellip;<\/p>\n","protected":false},"author":3,"featured_media":2650,"comment_status":"open","ping_status":"open","sticky":false,"template":"","format":"standard","meta":{"_seopress_robots_primary_cat":"","_seopress_titles_title":"","_seopress_titles_desc":"","_seopress_robots_index":"","footnotes":""},"categories":[38,52],"tags":[808,807],"class_list":["post-2649","post","type-post","status-publish","format-standard","has-post-thumbnail","","category-geschichte-und-tradition","category-liturgie-und-kirchenjahr","tag-confiteor","tag-durch-meine-uebergrosse-schuld"],"_links":{"self":[{"href":"https:\/\/catholicus.eu\/de\/wp-json\/wp\/v2\/posts\/2649","targetHints":{"allow":["GET"]}}],"collection":[{"href":"https:\/\/catholicus.eu\/de\/wp-json\/wp\/v2\/posts"}],"about":[{"href":"https:\/\/catholicus.eu\/de\/wp-json\/wp\/v2\/types\/post"}],"author":[{"embeddable":true,"href":"https:\/\/catholicus.eu\/de\/wp-json\/wp\/v2\/users\/3"}],"replies":[{"embeddable":true,"href":"https:\/\/catholicus.eu\/de\/wp-json\/wp\/v2\/comments?post=2649"}],"version-history":[{"count":1,"href":"https:\/\/catholicus.eu\/de\/wp-json\/wp\/v2\/posts\/2649\/revisions"}],"predecessor-version":[{"id":2651,"href":"https:\/\/catholicus.eu\/de\/wp-json\/wp\/v2\/posts\/2649\/revisions\/2651"}],"wp:featuredmedia":[{"embeddable":true,"href":"https:\/\/catholicus.eu\/de\/wp-json\/wp\/v2\/media\/2650"}],"wp:attachment":[{"href":"https:\/\/catholicus.eu\/de\/wp-json\/wp\/v2\/media?parent=2649"}],"wp:term":[{"taxonomy":"category","embeddable":true,"href":"https:\/\/catholicus.eu\/de\/wp-json\/wp\/v2\/categories?post=2649"},{"taxonomy":"post_tag","embeddable":true,"href":"https:\/\/catholicus.eu\/de\/wp-json\/wp\/v2\/tags?post=2649"}],"curies":[{"name":"wp","href":"https:\/\/api.w.org\/{rel}","templated":true}]}}