{"id":2634,"date":"2025-03-14T21:30:09","date_gmt":"2025-03-14T20:30:09","guid":{"rendered":"https:\/\/catholicus.eu\/de\/?p=2634"},"modified":"2025-03-14T21:30:09","modified_gmt":"2025-03-14T20:30:09","slug":"karsamstag-der-tag-des-grossen-schweigens-was-geschah-wirklich-zwischen-dem-tod-und-der-auferstehung-christi","status":"publish","type":"post","link":"https:\/\/catholicus.eu\/de\/karsamstag-der-tag-des-grossen-schweigens-was-geschah-wirklich-zwischen-dem-tod-und-der-auferstehung-christi\/","title":{"rendered":"Karsamstag: Der Tag des gro\u00dfen Schweigens \u2013 Was geschah wirklich zwischen dem Tod und der Auferstehung Christi?"},"content":{"rendered":"\n<p>Der Karsamstag ist vielleicht der geheimnisvollste Tag des \u00f6sterlichen Triduums. Es ist ein Tag scheinbarer Unt\u00e4tigkeit, ein Zwischenraum der Stille zwischen dem ersch\u00fctternden Drama des Karfreitags und der strahlenden Freude des Ostersonntags. Doch in diesem \u201egro\u00dfen Schweigen\u201c geschah ein Ereignis von gewaltiger Bedeutung: <strong>Christus stieg in das Reich des Todes hinab.<\/strong><\/p>\n\n\n\n<p>Was bedeutet das wirklich? Was geschah an diesem Zwischentag? Warum begeht die Kirche ihn mit solcher Feierlichkeit?<\/p>\n\n\n\n<p>In diesem Artikel werden wir die tiefere Bedeutung des Karsamstags, seine theologische Relevanz und die M\u00f6glichkeiten, wie wir seine Botschaft in unser geistliches Leben integrieren k\u00f6nnen, erforschen.<\/p>\n\n\n\n<hr class=\"wp-block-separator has-alpha-channel-opacity\"\/>\n\n\n\n<h2 class=\"wp-block-heading\"><strong>1. Das Geheimnis des Karsamstags: Wo war Christus nach Seinem Tod?<\/strong><\/h2>\n\n\n\n<p>Als Jesus am Kreuz starb, wurde Sein Leib ins Grab gelegt, doch Seine Seele setzte Sein Erl\u00f6sungswerk fort. Seit den fr\u00fchesten Zeiten lehrt die Kirche, dass Christus zwischen Seinem Tod und Seiner Auferstehung <strong>\u201ein das Reich des Todes hinabgestiegen ist\u201c<\/strong>, wie wir es im Apostolischen Glaubensbekenntnis bekennen.<\/p>\n\n\n\n<p>Dieses \u201eHinabsteigen\u201c darf nicht als Strafe oder Verdammnis verstanden werden, sondern als <strong>Befreiung<\/strong>. Jesus ging nicht in die H\u00f6lle der Verdammten, sondern in das <strong>\u201eSheol\u201c<\/strong> oder <strong>\u201eHades\u201c<\/strong>, den Aufenthaltsort der Seelen der Gerechten, die vor der Erl\u00f6sung gestorben waren. Dort verk\u00fcndete Christus Seinen Sieg \u00fcber S\u00fcnde und Tod.<\/p>\n\n\n\n<p>Der Apostel Petrus erkl\u00e4rt dies in seinem ersten Brief:<\/p>\n\n\n\n<blockquote class=\"wp-block-quote is-layout-flow wp-block-quote-is-layout-flow\">\n<p><strong>\u201eDenn auch Christus hat einmal f\u00fcr die S\u00fcnden gelitten, der Gerechte f\u00fcr die Ungerechten, damit er euch zu Gott f\u00fchre; zwar get\u00f6tet nach dem Fleisch, aber lebendig gemacht im Geist. In ihm ist er auch hingegangen und hat den Geistern im Gef\u00e4ngnis gepredigt.\u201c<\/strong> (1 Petrus 3,18-19)<\/p>\n<\/blockquote>\n\n\n\n<p>Mit anderen Worten: Die Seele Christi, vereint mit Seiner g\u00f6ttlichen Natur, betrat das Reich der Toten und verk\u00fcndete dort Seinen Triumph. Die Gerechten des Alten Testaments\u2014Adam, Eva, Noah, Abraham, Mose, David, die Propheten\u2014empfingen nun die volle Erl\u00f6sung.<\/p>\n\n\n\n<p>Dieses Ereignis ist als <strong>die \u201eAnastasis\u201c<\/strong> bekannt, der Abstieg Christi in die Unterwelt, um die Heiligen des Alten Bundes zu befreien. In der \u00f6stlichen Ikonographie wird Jesus oft dargestellt, wie Er Adam und Eva an den H\u00e4nden fasst und sie aus dem Tod herausf\u00fchrt.<\/p>\n\n\n\n<hr class=\"wp-block-separator has-alpha-channel-opacity\"\/>\n\n\n\n<h2 class=\"wp-block-heading\"><strong>2. Die theologische Bedeutung des Abstiegs in das Reich des Todes<\/strong><\/h2>\n\n\n\n<p>Der Katechismus der Katholischen Kirche lehrt: <strong>\u201eDer Abstieg in das Reich des Todes bringt die Frohbotschaft vom Heil zur vollen Erf\u00fcllung\u201c<\/strong> (KKK 634). Dieses Geheimnis offenbart drei grundlegende Wahrheiten:<\/p>\n\n\n\n<ol class=\"wp-block-list\">\n<li><strong>Christus ist wahrhaft Herr \u00fcber die Lebenden und die Toten.<\/strong> Durch Seinen Abstieg besiegte Jesus nicht nur den Tod, sondern rettete auch die Gerechten, die vor Seinem Kreuzesopfer gestorben waren.<\/li>\n\n\n\n<li><strong>Der Tod hat nicht das letzte Wort.<\/strong> Jesus betritt die Schatten des Hades und erf\u00fcllt sie mit Seinem Licht. Was als das endg\u00fcltige Ende erschien, wird zum Beginn der universalen Erl\u00f6sung.<\/li>\n\n\n\n<li><strong>Christus hat unser Menschsein in seiner ganzen Tiefe angenommen, selbst im Tod.<\/strong> Nach Seinem Tod ging Seine Seele dorthin, wo alle Seelen hingehen\u2014aber mit einem entscheidenden Unterschied: <strong>Er brachte das Heil.<\/strong><\/li>\n<\/ol>\n\n\n\n<p>Dieses Geheimnis ist eine Quelle der Hoffnung: <strong>Es gibt keinen Ort, an dem Gott uns nicht erreichen kann, um uns zu retten.<\/strong><\/p>\n\n\n\n<hr class=\"wp-block-separator has-alpha-channel-opacity\"\/>\n\n\n\n<h2 class=\"wp-block-heading\"><strong>3. Karsamstag: Ein Tag des Wartens und der Stille<\/strong><\/h2>\n\n\n\n<p>Liturgisch gesehen ist der Karsamstag ein besonderer Tag. Die Eucharistie wird nicht gefeiert, der Altar bleibt leer, und die Kirche verweilt im Gebet. Es ist ein Tag der Trauer, aber auch der Hoffnung.<\/p>\n\n\n\n<p>Es ist <strong>der Tag Mariens<\/strong>. Die Jungfrau Maria ist das Vorbild des gl\u00e4ubigen Wartens. W\u00e4hrend die J\u00fcnger verstreut und verwirrt waren, <strong>bewahrte Maria den Glauben<\/strong>. Deshalb sagt man, dass die Kirche an diesem Tag mit Maria verweilt und \u00fcber das Geheimnis ihres Sohnes meditiert.<\/p>\n\n\n\n<p>Papst Johannes Paul II. sagte einmal:<\/p>\n\n\n\n<blockquote class=\"wp-block-quote is-layout-flow wp-block-quote-is-layout-flow\">\n<p><em>\u201eNach dem Drama von Golgatha ist die ganze Menschheit in eine gro\u00dfe Stille eingetaucht. Es ist der Tag des Wartens, der Tag der Hoffnung. Die Mutter bewahrt den Glauben: In ihrem Herzen brennt weiterhin die Flamme der Gewissheit der Auferstehung.\u201c<\/em> (Predigt, 2000)<\/p>\n<\/blockquote>\n\n\n\n<p>Es ist ein Tag, an dem die Kirche uns zur Betrachtung einl\u00e4dt. Es ist nicht nur eine liturgische Pause, sondern <strong>eine Zeit der tiefen inneren Reflexion<\/strong>.<\/p>\n\n\n\n<hr class=\"wp-block-separator has-alpha-channel-opacity\"\/>\n\n\n\n<h2 class=\"wp-block-heading\"><strong>4. Geistliche Lehren des Karsamstags<\/strong><\/h2>\n\n\n\n<h3 class=\"wp-block-heading\"><strong>1. Lernen, auf Gott zu warten<\/strong><\/h3>\n\n\n\n<p>Wir leben in einer Gesellschaft der Unmittelbarkeit. Wir wollen schnelle Antworten und L\u00f6sungen. Doch der Karsamstag lehrt uns, dass <strong>Gott im Schweigen, im Warten, im Verborgenen wirkt.<\/strong> Wenn wir glauben, dass Gott schweigt, bereitet Er in Wirklichkeit etwas Gro\u00dfes vor.<\/p>\n\n\n\n<h3 class=\"wp-block-heading\"><strong>2. Vertrauen in Christi Sieg \u00fcber den Tod<\/strong><\/h3>\n\n\n\n<p>Manchmal lassen uns die Dunkelheiten des Lebens an Gottes Triumph zweifeln. Doch der Karsamstag erinnert uns daran, dass, selbst wenn alles verloren scheint, die Auferstehung nahe ist. <strong>In unseren N\u00e4chten der Pr\u00fcfung m\u00fcssen wir daran denken, dass der Ostersonntag immer kommt.<\/strong><\/p>\n\n\n\n<h3 class=\"wp-block-heading\"><strong>3. Mit Maria in Zeiten der Ungewissheit gehen<\/strong><\/h3>\n\n\n\n<p>Maria ist das gro\u00dfe Vorbild des Karsamstags. Sie verstand nicht alles, aber sie vertraute. In unseren K\u00e4mpfen, wenn wir Gottes Wege nicht verstehen, <strong>m\u00fcssen wir ihren Glauben nachahmen.<\/strong><\/p>\n\n\n\n<h3 class=\"wp-block-heading\"><strong>4. Unser Leiden als Teil des Paschamysteriums annehmen<\/strong><\/h3>\n\n\n\n<p>Der Karsamstag lehrt uns, dass Leiden einen Sinn hat. Wenn wir uns in einem \u201eKarsamstag\u201c-Moment unseres Lebens befinden, einer Zeit der Dunkelheit, k\u00f6nnen wir uns mit Christus vereinen und auf Sein Licht warten.<\/p>\n\n\n\n<hr class=\"wp-block-separator has-alpha-channel-opacity\"\/>\n\n\n\n<h2 class=\"wp-block-heading\"><strong>Fazit: Karsamstag \u2013 Ein Ruf zur Hoffnung<\/strong><\/h2>\n\n\n\n<p>Der Karsamstag erinnert uns daran, dass <strong>Gott Seine Kinder niemals verl\u00e4sst.<\/strong> Selbst wenn Gottes Schweigen wie eine Abwesenheit erscheint, ist es in Wirklichkeit die Vorbereitung auf die gr\u00f6\u00dfte Offenbarung Seiner Herrlichkeit. Christus stieg in das Reich des Todes hinab, um jene zu retten, die auf ihre Erl\u00f6sung warteten\u2014und Er steigt auch in unsere Dunkelheiten hinab, um uns zu erheben.<\/p>\n\n\n\n<p>Es ist ein Tag, um <strong>zu lernen, zu warten, zu vertrauen und zu glauben, dass Gott selbst in unseren schwierigsten Momenten am Werk ist.<\/strong> <strong>Das Schweigen ist nicht das Ende. Die Auferstehung ist nahe.<\/strong><\/p>\n\n\n\n<p><strong>\u201eWas sucht ihr den Lebenden bei den Toten? Er ist nicht hier, Er ist auferstanden.\u201c (Lukas 24,5-6)<\/strong><\/p>\n\n\n\n<p>M\u00f6ge dieser Karsamstag uns helfen, mit Hoffnung zu leben und zu erkennen, dass selbst dann, wenn Gott scheinbar abwesend ist, <strong>Er gegenw\u00e4rtiger ist als je zuvor.<\/strong><\/p>\n","protected":false},"excerpt":{"rendered":"<p>Der Karsamstag ist vielleicht der geheimnisvollste Tag des \u00f6sterlichen Triduums. Es ist ein Tag scheinbarer Unt\u00e4tigkeit, ein Zwischenraum der Stille zwischen dem ersch\u00fctternden Drama des Karfreitags und der strahlenden Freude des Ostersonntags. Doch in diesem \u201egro\u00dfen Schweigen\u201c geschah ein Ereignis von gewaltiger Bedeutung: Christus stieg in das Reich des Todes hinab. Was bedeutet das wirklich? &hellip;<\/p>\n","protected":false},"author":3,"featured_media":2635,"comment_status":"open","ping_status":"open","sticky":false,"template":"","format":"standard","meta":{"_seopress_robots_primary_cat":"","_seopress_titles_title":"","_seopress_titles_desc":"","_seopress_robots_index":"","footnotes":""},"categories":[38],"tags":[797],"class_list":["post-2634","post","type-post","status-publish","format-standard","has-post-thumbnail","","category-geschichte-und-tradition","tag-karsamstag"],"_links":{"self":[{"href":"https:\/\/catholicus.eu\/de\/wp-json\/wp\/v2\/posts\/2634","targetHints":{"allow":["GET"]}}],"collection":[{"href":"https:\/\/catholicus.eu\/de\/wp-json\/wp\/v2\/posts"}],"about":[{"href":"https:\/\/catholicus.eu\/de\/wp-json\/wp\/v2\/types\/post"}],"author":[{"embeddable":true,"href":"https:\/\/catholicus.eu\/de\/wp-json\/wp\/v2\/users\/3"}],"replies":[{"embeddable":true,"href":"https:\/\/catholicus.eu\/de\/wp-json\/wp\/v2\/comments?post=2634"}],"version-history":[{"count":1,"href":"https:\/\/catholicus.eu\/de\/wp-json\/wp\/v2\/posts\/2634\/revisions"}],"predecessor-version":[{"id":2636,"href":"https:\/\/catholicus.eu\/de\/wp-json\/wp\/v2\/posts\/2634\/revisions\/2636"}],"wp:featuredmedia":[{"embeddable":true,"href":"https:\/\/catholicus.eu\/de\/wp-json\/wp\/v2\/media\/2635"}],"wp:attachment":[{"href":"https:\/\/catholicus.eu\/de\/wp-json\/wp\/v2\/media?parent=2634"}],"wp:term":[{"taxonomy":"category","embeddable":true,"href":"https:\/\/catholicus.eu\/de\/wp-json\/wp\/v2\/categories?post=2634"},{"taxonomy":"post_tag","embeddable":true,"href":"https:\/\/catholicus.eu\/de\/wp-json\/wp\/v2\/tags?post=2634"}],"curies":[{"name":"wp","href":"https:\/\/api.w.org\/{rel}","templated":true}]}}