{"id":2615,"date":"2025-03-13T16:23:32","date_gmt":"2025-03-13T15:23:32","guid":{"rendered":"https:\/\/catholicus.eu\/de\/?p=2615"},"modified":"2025-03-13T16:26:52","modified_gmt":"2025-03-13T15:26:52","slug":"das-konzil-von-vienne-1311-1312-die-aufloesung-der-templer-und-die-reform-der-kirche-in-stuermischen-zeiten","status":"publish","type":"post","link":"https:\/\/catholicus.eu\/de\/das-konzil-von-vienne-1311-1312-die-aufloesung-der-templer-und-die-reform-der-kirche-in-stuermischen-zeiten\/","title":{"rendered":"Das Konzil von Vienne (1311\u20131312): Die Aufl\u00f6sung der Templer und die Reform der Kirche in st\u00fcrmischen Zeiten"},"content":{"rendered":"\n<p>Die Geschichte der Kirche ist gepr\u00e4gt von gro\u00dfen Konzilien, die ihren Kurs bestimmten, ihre Lehre st\u00e4rkten und in manchen F\u00e4llen auch umstrittene Entscheidungen trafen. Unter diesen nimmt das Konzil von Vienne (1311\u20131312 n. Chr.) eine besondere Stellung ein. Einberufen in einer Zeit tiefgreifender politischer und kirchlicher Krisen, wird dieses Konzil vor allem mit der Aufl\u00f6sung des Templerordens in Verbindung gebracht, aber auch mit seinen Versuchen, kirchliche Reformen durchzusetzen.<\/p>\n\n\n\n<p>Hinter den in Vienne getroffenen Entscheidungen verbirgt sich jedoch eine Geschichte von Spannungen zwischen weltlicher und kirchlicher Macht, politischen Intrigen und einer Kirche, die darum k\u00e4mpfte, ihrer Mission in einer sich st\u00e4ndig ver\u00e4ndernden Welt treu zu bleiben. Was geschah wirklich auf diesem Konzil? Welche Auswirkungen hatte es auf die mittelalterliche Kirche, und welche Lehren k\u00f6nnen wir daraus f\u00fcr heute ziehen?<\/p>\n\n\n\n<h2 class=\"wp-block-heading\"><strong>Der Kontext: Eine Kirche an der Wegscheide<\/strong><\/h2>\n\n\n\n<p>Zu Beginn des 14. Jahrhunderts befand sich die katholische Kirche in einer schwierigen Lage. Der Papstsitz war 1309 unter Papst Clemens V. nach Avignon verlegt worden, was den Beginn der als &#8222;Babylonische Gefangenschaft der Kirche&#8220; (1309\u20131377) bekannten Periode markierte. Dieser Umzug, weit entfernt von Rom, wurde von vielen als Unterwerfung des Papstes unter die Macht des franz\u00f6sischen K\u00f6nigs Philipp IV. \u201eder Sch\u00f6ne\u201c angesehen.<\/p>\n\n\n\n<p>Philipp IV. hatte eine lange Geschichte von Konflikten mit dem Papsttum. Seine Auseinandersetzung mit Bonifatius VIII., der die Unabh\u00e4ngigkeit der Kirche gegen\u00fcber der Monarchie entschieden verteidigt hatte, endete mit der Dem\u00fctigung des Pontifex und, nach einigen Berichten, mit seinem fr\u00fchen Tod im Jahr 1303. Der neue Papst, Clemens V., ein Franzose und gegen\u00fcber dem K\u00f6nig nachgiebiger, trat sein Pontifikat inmitten eines politischen Spannungsfeldes und unter starkem Druck der franz\u00f6sischen Krone an.<\/p>\n\n\n\n<p>In diesem Kontext fand das Konzil von Vienne statt \u2013 \u00fcberschattet von einer brisanten Frage: dem Schicksal des Templerordens, einer der einflussreichsten milit\u00e4rischen Orden der Christenheit.<\/p>\n\n\n\n<h2 class=\"wp-block-heading\"><strong>Der Fall der Templer: Gerechtigkeit oder politisches Kalk\u00fcl?<\/strong><\/h2>\n\n\n\n<p>Der Orden der Armen Ritter Christi und des Salomonischen Tempels, besser bekannt als Templer, wurde 1119 nach dem Ersten Kreuzzug gegr\u00fcndet. Seine urspr\u00fcngliche Aufgabe war es, Pilger im Heiligen Land zu sch\u00fctzen, doch im Laufe der Zeit erlangte der Orden gro\u00dfen Reichtum und Macht. Die Templer verwalteten ausgedehnte L\u00e4ndereien, verliehen Geld an K\u00f6nige und Adlige und waren vom lokalen episkopalen Einfluss unabh\u00e4ngig \u2013 sie unterstanden direkt dem Papst.<\/p>\n\n\n\n<p>Philipp IV., hoch verschuldet bei den Templern und bestrebt, seine Autorit\u00e4t zu festigen, sah in ihnen einen gef\u00e4hrlichen Gegner. Im Jahr 1307 ordnete er ihre Verhaftung in ganz Frankreich an \u2013 unter dem Vorwurf der H\u00e4resie, G\u00f6tzenanbetung und Sodomie. Viele Templer wurden gefoltert und gezwungen, Verbrechen zu gestehen, die sie vermutlich nicht begangen hatten. Einer der dramatischsten Vorf\u00e4lle war die Hinrichtung von Jacques de Molay, dem letzten Gro\u00dfmeister der Templer, der 1314 auf dem Scheiterhaufen verbrannt wurde. Vor seinem Tod verfluchte er Papst Clemens V. und K\u00f6nig Philipp IV. \u2013 beide starben kurz darauf unter mysteri\u00f6sen Umst\u00e4nden.<\/p>\n\n\n\n<p>Das Konzil von Vienne hatte unter anderem die Aufgabe, \u00fcber das Schicksal des Ordens zu entscheiden. Unter dem Druck des franz\u00f6sischen K\u00f6nigs l\u00f6ste Clemens V. den Orden 1312 mit der Bulle <em>Vox in excelso<\/em> auf, ohne die Templer formell als h\u00e4retisch zu erkl\u00e4ren. Er begr\u00fcndete die Entscheidung damit, dass die Existenz des Ordens f\u00fcr die Kirche nicht mehr tragbar sei. Ihr Besitz wurde dem Hospitaliterorden \u00fcbertragen, doch viele Besitzt\u00fcmer fielen letztlich an die franz\u00f6sische Krone.<\/p>\n\n\n\n<h3 class=\"wp-block-heading\"><strong>Reflexion: War es eine gerechte Entscheidung?<\/strong><\/h3>\n\n\n\n<p>Aus theologischer und moralischer Sicht bleibt der Prozess gegen die Templer umstritten. Es gibt keine stichhaltigen Beweise f\u00fcr die gegen sie erhobenen Anschuldigungen, was viele Historiker zu der Annahme f\u00fchrt, dass ihre Aufl\u00f6sung eher ein Akt politischer Zweckm\u00e4\u00dfigkeit als kirchlicher Gerechtigkeit war. Dieses Ereignis erinnert an die Worte Jesu im Matth\u00e4usevangelium:<\/p>\n\n\n\n<p><em>&#8222;Seht, ich sende euch wie Schafe mitten unter W\u00f6lfe; seid also klug wie die Schlangen und arglos wie die Tauben.&#8220;<\/em> (Mt 10,16)<\/p>\n\n\n\n<p>Klugheit und Lauterkeit sind wesentliche Tugenden der Kirche. Die Geschichte der Templer lehrt uns, dass die Kirche fest in ihrer geistlichen Mission bleiben muss und sich nicht von weltlichen M\u00e4chten manipulieren lassen darf.<\/p>\n\n\n\n<h2 class=\"wp-block-heading\"><strong>Die Reformen des Konzils von Vienne<\/strong><\/h2>\n\n\n\n<p>\u00dcber die Templerfrage hinaus befasste sich das Konzil von Vienne auch mit wichtigen kirchlichen Reformen, darunter:<\/p>\n\n\n\n<ul class=\"wp-block-list\">\n<li><strong>Reform des Klerus<\/strong>: Es wurden Vorschriften f\u00fcr eine bessere Ausbildung der Priester erlassen, insbesondere mit Schwerpunkt auf der Theologie an den Universit\u00e4ten.<\/li>\n\n\n\n<li><strong>Bek\u00e4mpfung der H\u00e4resie<\/strong>: Das Konzil bekr\u00e4ftigte die Verurteilung der Begarden und Beginen, Gruppen, die radikale Auslegungen der evangelischen Armut propagierten.<\/li>\n\n\n\n<li><strong>F\u00f6rderung der Missionen<\/strong>: Die Evangelisierung in nichtchristlichen Gebieten, insbesondere unter Muslimen und Mongolen, wurde vorangetrieben.<\/li>\n\n\n\n<li><strong>Verbesserung der theologischen Bildung<\/strong>: Der Unterricht in Hebr\u00e4isch, Arabisch und Griechisch an einigen Universit\u00e4ten wurde gef\u00f6rdert, um die christliche Apologetik gegen\u00fcber anderen Religionen zu st\u00e4rken.<\/li>\n<\/ul>\n\n\n\n<h2 class=\"wp-block-heading\"><strong>Lehren f\u00fcr heute: Die Kirche zwischen Gott und der Welt<\/strong><\/h2>\n\n\n\n<p>Das Konzil von Vienne zeigt, wie die Kirche zwischen der Treue zu ihrer Mission und den Zw\u00e4ngen der weltlichen Macht navigieren musste. Obwohl sie Fehler beging, strebte sie auch notwendige Reformen zum Wohl des christlichen Volkes an.<\/p>\n\n\n\n<p>Heute steht die Kirche vor \u00e4hnlichen Herausforderungen: \u00e4u\u00dferer Druck, der ihre Lehre beeinflussen will, interne Krisen, die Reformen erfordern, und die st\u00e4ndige Aufgabe, das Licht des Evangeliums in die Welt zu tragen. Die Worte des heiligen Paulus bleiben dabei wegweisend:<\/p>\n\n\n\n<p><em>&#8222;Gleicht euch nicht dieser Welt an, sondern wandelt euch und erneuert euer Denken, damit ihr pr\u00fcfen und erkennen k\u00f6nnt, was der Wille Gottes ist: das Gute, Wohlgef\u00e4llige und Vollkommene.&#8220;<\/em> (R\u00f6m 12,2)<\/p>\n\n\n\n<p>In Zeiten der Krise und Kontroversen muss die Kirche ihrem Ruf folgen, Licht der Welt und Salz der Erde zu sein, sich nicht von Machtspielen vereinnahmen lassen und Christus treu bleiben.<\/p>\n\n\n\n<h2 class=\"wp-block-heading\"><strong>Schlussfolgerung<\/strong><\/h2>\n\n\n\n<p>Das Konzil von Vienne markierte einen Wendepunkt in der Kirchengeschichte. Die Aufl\u00f6sung der Templer und die durchgef\u00fchrten Reformen zeigen sowohl die Grenzen als auch die Gr\u00f6\u00dfe der kirchlichen Institution.<\/p>\n\n\n\n<p>Wenn wir heute auf dieses Ereignis zur\u00fcckblicken, sollten wir uns fragen: Wie k\u00f6nnen wir inmitten der Herausforderungen der Welt unserem Glauben treu bleiben? Die Antwort ist dieselbe, die Heilige durch die Geschichte hindurch geleitet hat: im Gebet verharren, uns in der Wahrheit schulen und mit Liebe und Mut handeln.<\/p>\n\n\n\n<p>M\u00f6ge die Geschichte von Vienne uns nicht nur als Lehre dienen, sondern auch als Inspiration, das Evangelium in unserer Zeit mit gr\u00f6\u00dferer Treue zu leben.<\/p>\n","protected":false},"excerpt":{"rendered":"<p>Die Geschichte der Kirche ist gepr\u00e4gt von gro\u00dfen Konzilien, die ihren Kurs bestimmten, ihre Lehre st\u00e4rkten und in manchen F\u00e4llen auch umstrittene Entscheidungen trafen. Unter diesen nimmt das Konzil von Vienne (1311\u20131312 n. Chr.) eine besondere Stellung ein. Einberufen in einer Zeit tiefgreifender politischer und kirchlicher Krisen, wird dieses Konzil vor allem mit der Aufl\u00f6sung &hellip;<\/p>\n","protected":false},"author":3,"featured_media":2616,"comment_status":"open","ping_status":"open","sticky":false,"template":"","format":"standard","meta":{"_seopress_robots_primary_cat":"","_seopress_titles_title":"","_seopress_titles_desc":"","_seopress_robots_index":"","footnotes":""},"categories":[38,50],"tags":[789,790],"class_list":["post-2615","post","type-post","status-publish","format-standard","has-post-thumbnail","","category-geschichte-und-tradition","category-oekumenische-konzilien","tag-konzil-von-vienne","tag-templer"],"_links":{"self":[{"href":"https:\/\/catholicus.eu\/de\/wp-json\/wp\/v2\/posts\/2615","targetHints":{"allow":["GET"]}}],"collection":[{"href":"https:\/\/catholicus.eu\/de\/wp-json\/wp\/v2\/posts"}],"about":[{"href":"https:\/\/catholicus.eu\/de\/wp-json\/wp\/v2\/types\/post"}],"author":[{"embeddable":true,"href":"https:\/\/catholicus.eu\/de\/wp-json\/wp\/v2\/users\/3"}],"replies":[{"embeddable":true,"href":"https:\/\/catholicus.eu\/de\/wp-json\/wp\/v2\/comments?post=2615"}],"version-history":[{"count":1,"href":"https:\/\/catholicus.eu\/de\/wp-json\/wp\/v2\/posts\/2615\/revisions"}],"predecessor-version":[{"id":2617,"href":"https:\/\/catholicus.eu\/de\/wp-json\/wp\/v2\/posts\/2615\/revisions\/2617"}],"wp:featuredmedia":[{"embeddable":true,"href":"https:\/\/catholicus.eu\/de\/wp-json\/wp\/v2\/media\/2616"}],"wp:attachment":[{"href":"https:\/\/catholicus.eu\/de\/wp-json\/wp\/v2\/media?parent=2615"}],"wp:term":[{"taxonomy":"category","embeddable":true,"href":"https:\/\/catholicus.eu\/de\/wp-json\/wp\/v2\/categories?post=2615"},{"taxonomy":"post_tag","embeddable":true,"href":"https:\/\/catholicus.eu\/de\/wp-json\/wp\/v2\/tags?post=2615"}],"curies":[{"name":"wp","href":"https:\/\/api.w.org\/{rel}","templated":true}]}}