{"id":2593,"date":"2025-03-13T00:33:42","date_gmt":"2025-03-12T23:33:42","guid":{"rendered":"https:\/\/catholicus.eu\/de\/?p=2593"},"modified":"2025-03-13T00:33:42","modified_gmt":"2025-03-12T23:33:42","slug":"das-mass-unserer-lieben-frau-vom-pfeiler-ein-schatz-des-glaubens-und-des-schutzes-in-der-katholischen-tradition","status":"publish","type":"post","link":"https:\/\/catholicus.eu\/de\/das-mass-unserer-lieben-frau-vom-pfeiler-ein-schatz-des-glaubens-und-des-schutzes-in-der-katholischen-tradition\/","title":{"rendered":"Das Ma\u00df Unserer Lieben Frau vom Pfeiler: Ein Schatz des Glaubens und des Schutzes in der katholischen Tradition"},"content":{"rendered":"\n<p>In der reichen Tradition der katholischen Kirche gibt es Sakramentalien, die das geistliche Leben der Gl\u00e4ubigen seit Jahrhunderten begleiten und uns an die N\u00e4he Gottes und die F\u00fcrsprache der Jungfrau Maria erinnern. Eine dieser Sakramentalien ist <strong>das Ma\u00df Unserer Lieben Frau vom Pfeiler<\/strong> (span. <em>Medida de la Virgen del Pilar<\/em>), eine wenig bekannte, aber tief bedeutungsvolle Tradition voller Geschichte, Fr\u00f6mmigkeit und m\u00fctterlichem Schutz. Was genau ist es? Woher stammt es? Und wie kann es uns heute helfen? Lassen Sie uns gemeinsam in seine Geschichte, Symbolik und seine Bedeutung f\u00fcr das christliche Leben eintauchen.<\/p>\n\n\n\n<h2 class=\"wp-block-heading\"><strong>Was ist das Ma\u00df Unserer Lieben Frau vom Pfeiler?<\/strong><\/h2>\n\n\n\n<p>Das Ma\u00df Unserer Lieben Frau vom Pfeiler ist ein <strong>Sakramental<\/strong>, ein gesegnetes Band, das die genaue Gr\u00f6\u00dfe der S\u00e4ule (oder des Pfeilers) wiedergibt, auf der, gem\u00e4\u00df der \u00dcberlieferung, die Jungfrau Maria dem Apostel Jakobus in Saragossa (Spanien) im Jahr 40 n. Chr. erschienen ist. Dieses Band ist eine greifbare Erinnerung an den m\u00fctterlichen Schutz der Jungfrau und ihre F\u00fcrsprache bei Gott.<\/p>\n\n\n\n<p>Seit Generationen nutzen Gl\u00e4ubige dieses Sakramental als Zeichen ihres Vertrauens in Unsere Liebe Frau vom Pfeiler, insbesondere in Zeiten von Krankheit, Gefahr oder Pr\u00fcfungen. Viele tragen es bei sich, bewahren es in ihrem Haus auf oder nutzen es als Schutzsymbol, \u00e4hnlich wie das Skapulier.<\/p>\n\n\n\n<h2 class=\"wp-block-heading\"><strong>Geschichte und Ursprung: Ein Pfeiler des Glaubens im Christentum<\/strong><\/h2>\n\n\n\n<p>Die Verehrung Unserer Lieben Frau vom Pfeiler reicht bis in die Anf\u00e4nge des Christentums zur\u00fcck. Der \u00dcberlieferung nach war der Apostel Jakobus entmutigt \u00fcber die langsame Bekehrung der Heiden in Hispanien, als ihm die Jungfrau Maria erschien, w\u00e4hrend sie noch auf Erden in Jerusalem lebte. Sie erschien ihm auf einer S\u00e4ule aus Jaspis in Saragossa und bat ihn, ihr zu Ehren eine Kirche f\u00fcr ihren Sohn zu errichten.<\/p>\n\n\n\n<p>Im Laufe der Zeit wurde diese S\u00e4ule zu einem Zeichen der m\u00fctterlichen Gegenwart Marias und zum Zentrum einer gro\u00dfen marianischen Verehrung. Im 17. Jahrhundert verbreitete sich die Tradition, die S\u00e4ule zu vermessen und ihre genaue Gr\u00f6\u00dfe auf ein Band zu \u00fcbertragen. Diese B\u00e4nder wurden gesegnet und den Gl\u00e4ubigen als Zeichen von Schutz und Zuflucht unter dem Schirm der Jungfrau gegeben.<\/p>\n\n\n\n<h2 class=\"wp-block-heading\"><strong>Die Eigenschaften des Ma\u00dfes vom Pfeiler<\/strong><\/h2>\n\n\n\n<h3 class=\"wp-block-heading\"><strong>1. Die genaue Gr\u00f6\u00dfe der S\u00e4ule<\/strong><\/h3>\n\n\n\n<p>Das Band stellt die H\u00f6he der S\u00e4ule dar, auf der die Jungfrau dem Apostel Jakobus erschienen sein soll. Obwohl die Quellen variieren, wird die allgemein akzeptierte Gr\u00f6\u00dfe mit <strong>36 Zentimetern<\/strong> angegeben, was der H\u00f6he der Jaspiss\u00e4ule entspricht, die noch heute in der Basilika Unserer Lieben Frau vom Pfeiler in Saragossa verehrt wird.<\/p>\n\n\n\n<h3 class=\"wp-block-heading\"><strong>2. Farben und ihre Bedeutung<\/strong><\/h3>\n\n\n\n<p>Die B\u00e4nder gibt es in verschiedenen Farben, die jeweils eine besondere Bedeutung haben:<\/p>\n\n\n\n<ul class=\"wp-block-list\">\n<li><strong>Wei\u00df:<\/strong> Symbolisiert die Reinheit der Jungfrau Maria.<\/li>\n\n\n\n<li><strong>Blau:<\/strong> Steht f\u00fcr ihre Mutterschaft und ihre himmlische K\u00f6nigsw\u00fcrde.<\/li>\n\n\n\n<li><strong>Rot:<\/strong> Bedeutet die Liebe und das Blut, das Christus und die M\u00e4rtyrer des Glaubens vergossen haben.<\/li>\n\n\n\n<li><strong>Gelb oder Gold:<\/strong> Steht f\u00fcr g\u00f6ttliche Herrlichkeit und Macht.<\/li>\n<\/ul>\n\n\n\n<p>Viele Gl\u00e4ubige w\u00e4hlen die Farbe ihres Bandes je nach pers\u00f6nlicher Fr\u00f6mmigkeit oder mit einer bestimmten Intention.<\/p>\n\n\n<div class=\"wp-block-image\">\n<figure class=\"aligncenter size-full\"><img loading=\"lazy\" decoding=\"async\" width=\"600\" height=\"380\" src=\"https:\/\/catholicus.eu\/de\/wp-content\/uploads\/sites\/4\/2025\/03\/medida_virgen.jpg\" alt=\"\" class=\"wp-image-2595\" srcset=\"https:\/\/catholicus.eu\/de\/wp-content\/uploads\/sites\/4\/2025\/03\/medida_virgen.jpg 600w, https:\/\/catholicus.eu\/de\/wp-content\/uploads\/sites\/4\/2025\/03\/medida_virgen-300x190.jpg 300w\" sizes=\"auto, (max-width: 600px) 100vw, 600px\" \/><\/figure>\n<\/div>\n\n\n<h3 class=\"wp-block-heading\"><strong>3. Verwendung und Segnung<\/strong><\/h3>\n\n\n\n<p>Damit dieses Sakramental seine volle Bedeutung entfaltet, muss es <strong>von einem Priester gesegnet<\/strong> werden. Danach kann es von den Gl\u00e4ubigen bei sich getragen, unter das Kopfkissen gelegt, in die Wiege eines Babys gelegt, in die Kleidung eingen\u00e4ht oder im Haus als Zeichen der sch\u00fctzenden Gegenwart Unserer Lieben Frau vom Pfeiler aufbewahrt werden.<\/p>\n\n\n\n<h2 class=\"wp-block-heading\"><strong>Das Ma\u00df vom Pfeiler im christlichen Leben heute<\/strong><\/h2>\n\n\n\n<p>In einer Welt, in der der Glaube st\u00e4ndig herausgefordert wird und die Schwierigkeiten des Lebens uns einsam erscheinen lassen, bleibt das Ma\u00df Unserer Lieben Frau vom Pfeiler eine greifbare Erinnerung daran, dass wir nicht verlassen sind.<\/p>\n\n\n\n<p>Viele Zeugnisse berichten dar\u00fcber, wie dieses Band Menschen in schwierigen Situationen begleitet hat:<\/p>\n\n\n\n<ul class=\"wp-block-list\">\n<li><strong>M\u00fctter legen es in die Wiege ihres Kindes<\/strong>, um den Schutz der Jungfrau zu erbitten.<\/li>\n\n\n\n<li><strong>Kranke tragen es bei sich<\/strong>, um Trost und Heilung zu finden.<\/li>\n\n\n\n<li><strong>Gl\u00e4ubige bewahren es in ihrem Haus auf<\/strong>, als Zeichen des Segens und der Zuflucht.<\/li>\n<\/ul>\n\n\n\n<p>Dieses Sakramental erinnert uns daran, dass Maria in unserem Leben nahe ist \u2013 genauso wie sie es f\u00fcr den heiligen Jakobus in seiner Zeit der Pr\u00fcfung war.<\/p>\n\n\n\n<h2 class=\"wp-block-heading\"><strong>Ein biblisches Zeichen des Schutzes<\/strong><\/h2>\n\n\n\n<p>Die Verwendung gesegneter Objekte als Zeichen des Schutzes und des Glaubens hat eine biblische Grundlage. In der Apostelgeschichte lesen wir:<\/p>\n\n\n\n<blockquote class=\"wp-block-quote is-layout-flow wp-block-quote-is-layout-flow\">\n<p>\u201eSogar T\u00fccher und Sch\u00fcrzen, die er [Paulus] getragen hatte, brachte man den Kranken, und die Krankheiten wichen von ihnen, und die b\u00f6sen Geister fuhren aus.\u201c (Apostelgeschichte 19,12)<\/p>\n<\/blockquote>\n\n\n\n<p>Dies zeigt uns, dass Sakramentalien zwar keine magischen Objekte sind, aber <strong>Zeichen der Gnade Gottes<\/strong> und der F\u00fcrsprache der Heiligen.<\/p>\n\n\n\n<h2 class=\"wp-block-heading\"><strong>Das Ma\u00df vom Pfeiler und die Herausforderung des Glaubens heute<\/strong><\/h2>\n\n\n\n<p>In Zeiten von Relativismus und S\u00e4kularisierung mag ein Sakramental wie das Ma\u00df vom Pfeiler f\u00fcr manche altmodisch erscheinen. Doch sein wahrer Wert liegt in dem, was es darstellt: <strong>den lebendigen Glauben der Christen, die durch die F\u00fcrsprache der Jungfrau Maria Gottes Schutz und N\u00e4he suchen<\/strong>.<\/p>\n\n\n\n<p>Dieses Sakramental ist kein Gl\u00fccksbringer, sondern eine Hilfe auf unserem spirituellen Weg. Es erinnert uns daran, dass Maria, genauso wie sie f\u00fcr den heiligen Jakobus eine St\u00fctze war, auch heute f\u00fcr uns ein Pfeiler des Glaubens bleibt.<\/p>\n\n\n\n<h2 class=\"wp-block-heading\"><strong>Fazit: Ein Pfeiler in unserem geistlichen Leben<\/strong><\/h2>\n\n\n\n<p>Das Ma\u00df Unserer Lieben Frau vom Pfeiler ist weit mehr als ein einfaches Band \u2013 es ist eine Erinnerung an die liebende Gegenwart der Jungfrau in unserem Leben, ein Schutzmittel und ein Zeichen des Glaubens, das uns in unseren Freuden und Pr\u00fcfungen begleitet.<\/p>\n\n\n\n<p>In Zeiten der Not, in Krankheit oder einfach als Ausdruck der Liebe zur Jungfrau Maria \u2013 das Tragen des Ma\u00dfes vom Pfeiler ist ein Akt des Vertrauens in die geistliche Mutterschaft derjenigen, die uns als Mutter geschenkt wurde.<\/p>\n\n\n\n<p>M\u00f6ge Unsere Liebe Frau vom Pfeiler uns helfen, im Glauben fest zu bleiben und uns daran erinnern, dass wir \u2013 egal was geschieht \u2013 niemals allein sind.<\/p>\n","protected":false},"excerpt":{"rendered":"<p>In der reichen Tradition der katholischen Kirche gibt es Sakramentalien, die das geistliche Leben der Gl\u00e4ubigen seit Jahrhunderten begleiten und uns an die N\u00e4he Gottes und die F\u00fcrsprache der Jungfrau Maria erinnern. Eine dieser Sakramentalien ist das Ma\u00df Unserer Lieben Frau vom Pfeiler (span. Medida de la Virgen del Pilar), eine wenig bekannte, aber tief &hellip;<\/p>\n","protected":false},"author":3,"featured_media":2594,"comment_status":"open","ping_status":"open","sticky":false,"template":"","format":"standard","meta":{"_seopress_robots_primary_cat":"","_seopress_titles_title":"","_seopress_titles_desc":"","_seopress_robots_index":"","footnotes":""},"categories":[40,62],"tags":[782,346,347],"class_list":["post-2593","post","type-post","status-publish","format-standard","has-post-thumbnail","","category-gebet-und-spiritualitaet","category-sakramentalien-und-pilgerfahrten","tag-mass-unserer-lieben-frau-vom-pfeiler","tag-pilar","tag-saragossa"],"_links":{"self":[{"href":"https:\/\/catholicus.eu\/de\/wp-json\/wp\/v2\/posts\/2593","targetHints":{"allow":["GET"]}}],"collection":[{"href":"https:\/\/catholicus.eu\/de\/wp-json\/wp\/v2\/posts"}],"about":[{"href":"https:\/\/catholicus.eu\/de\/wp-json\/wp\/v2\/types\/post"}],"author":[{"embeddable":true,"href":"https:\/\/catholicus.eu\/de\/wp-json\/wp\/v2\/users\/3"}],"replies":[{"embeddable":true,"href":"https:\/\/catholicus.eu\/de\/wp-json\/wp\/v2\/comments?post=2593"}],"version-history":[{"count":1,"href":"https:\/\/catholicus.eu\/de\/wp-json\/wp\/v2\/posts\/2593\/revisions"}],"predecessor-version":[{"id":2596,"href":"https:\/\/catholicus.eu\/de\/wp-json\/wp\/v2\/posts\/2593\/revisions\/2596"}],"wp:featuredmedia":[{"embeddable":true,"href":"https:\/\/catholicus.eu\/de\/wp-json\/wp\/v2\/media\/2594"}],"wp:attachment":[{"href":"https:\/\/catholicus.eu\/de\/wp-json\/wp\/v2\/media?parent=2593"}],"wp:term":[{"taxonomy":"category","embeddable":true,"href":"https:\/\/catholicus.eu\/de\/wp-json\/wp\/v2\/categories?post=2593"},{"taxonomy":"post_tag","embeddable":true,"href":"https:\/\/catholicus.eu\/de\/wp-json\/wp\/v2\/tags?post=2593"}],"curies":[{"name":"wp","href":"https:\/\/api.w.org\/{rel}","templated":true}]}}