{"id":2573,"date":"2025-03-12T16:22:42","date_gmt":"2025-03-12T15:22:42","guid":{"rendered":"https:\/\/catholicus.eu\/de\/?p=2573"},"modified":"2025-03-12T16:22:43","modified_gmt":"2025-03-12T15:22:43","slug":"das-gleichnis-von-den-talenten-was-wirst-du-mit-dem-tun-was-gott-dir-gegeben-hat","status":"publish","type":"post","link":"https:\/\/catholicus.eu\/de\/das-gleichnis-von-den-talenten-was-wirst-du-mit-dem-tun-was-gott-dir-gegeben-hat\/","title":{"rendered":"Das Gleichnis von den Talenten: Was wirst du mit dem tun, was Gott dir gegeben hat?"},"content":{"rendered":"\n<p>Stell dir vor, ein K\u00f6nig reist in ein fernes Land und vertraut seinen Dienern sein Verm\u00f6gen an. Dem einen gibt er f\u00fcnf Talente, dem anderen zwei und dem dritten nur eines. Als er zur\u00fcckkehrt, stellt er fest, dass zwei von ihnen ihre Talente vermehrt haben, w\u00e4hrend der dritte aus Angst sein Talent vergraben hat, ohne es zu nutzen. Die Reaktion des K\u00f6nigs ist eindeutig: Er belohnt die ersten beiden und tadelt den letzten.<\/p>\n\n\n\n<p>Dies ist das ber\u00fchmte Gleichnis von den Talenten, erz\u00e4hlt im Evangelium nach Matth\u00e4us (25,14-30). Obwohl diese Geschichte Jahrhunderte alt ist, bleibt sie heute hochaktuell. Was bedeutet sie wirklich? Wie l\u00e4sst sie sich auf unser t\u00e4gliches Leben anwenden? Was will uns Jesus mit diesem Gleichnis lehren?<\/p>\n\n\n\n<p>Begleite mich auf dieser Reise, w\u00e4hrend wir den Ursprung dieses Gleichnisses, seine theologische Bedeutung und seine Auswirkungen auf das christliche Leben erkunden.<\/p>\n\n\n\n<hr class=\"wp-block-separator has-alpha-channel-opacity\"\/>\n\n\n\n<h2 class=\"wp-block-heading\">Der Kontext des Gleichnisses<\/h2>\n\n\n\n<p>Um das Gleichnis von den Talenten besser zu verstehen, ist es wichtig, es in seinen Kontext einzuordnen. Es erscheint im 25. Kapitel des Matth\u00e4usevangeliums, im sogenannten &#8222;eschatologischen Diskurs&#8220; Jesu, in dem er \u00fcber das Ende der Zeiten und das J\u00fcngste Gericht spricht. In dieser Rede ruft Christus uns zur Wachsamkeit auf, dazu, auf seine R\u00fcckkehr vorbereitet zu sein und unsere Verantwortung f\u00fcr die Mission zu \u00fcbernehmen, die Gott uns anvertraut hat.<\/p>\n\n\n\n<p>Das Wort <em>Talent<\/em> hatte zur Zeit Jesu nicht die gleiche Bedeutung wie heute. Es bezog sich nicht auf eine nat\u00fcrliche Begabung, sondern auf eine Gewichtseinheit und somit auf eine W\u00e4hrungseinheit. Ein Talent entsprach etwa 34 kg Silber \u2013 eine betr\u00e4chtliche Summe. Wenn der Herr also Talente an seine Diener verteilt, gibt er ihnen nicht einfach nur ein paar M\u00fcnzen, sondern ein gro\u00dfes Verm\u00f6gen. Er vertraut ihnen etwas \u00e4u\u00dferst Wertvolles an.<\/p>\n\n\n\n<hr class=\"wp-block-separator has-alpha-channel-opacity\"\/>\n\n\n\n<h2 class=\"wp-block-heading\">Theologische Bedeutung<\/h2>\n\n\n\n<p>Dieses Gleichnis offenbart mehrere wesentliche Wahrheiten \u00fcber das christliche Leben:<\/p>\n\n\n\n<h3 class=\"wp-block-heading\">1. <strong>Gott hat jedem von uns einzigartige Gaben gegeben<\/strong><\/h3>\n\n\n\n<p>Jeder Mensch erh\u00e4lt Talente entsprechend seiner F\u00e4higkeiten. Gott erwartet nicht dasselbe von jedem Einzelnen, aber er erwartet, dass wir mit dem, was wir erhalten haben, Fr\u00fcchte tragen. Es spielt keine Rolle, ob du f\u00fcnf Talente oder nur eines bekommen hast \u2013 entscheidend ist, was du damit machst.<\/p>\n\n\n\n<h3 class=\"wp-block-heading\">2. <strong>Wir sind zur Tatkraft und Verantwortung berufen<\/strong><\/h3>\n\n\n\n<p>Der Herr hat uns Leben, Glauben, Intelligenz, Zeit und Gelegenheiten gegeben. Wir d\u00fcrfen diese Gaben nicht aus Angst oder Bequemlichkeit vergraben. Jesus l\u00e4dt uns ein, mutig zu sein, unsere Komfortzone zu verlassen und f\u00fcr das Reich Gottes zu arbeiten.<\/p>\n\n\n\n<h3 class=\"wp-block-heading\">3. <strong>Es wird einen Moment der Rechenschaft geben<\/strong><\/h3>\n\n\n\n<p>Das Gleichnis endet mit der R\u00fcckkehr des Herrn, was das J\u00fcngste Gericht symbolisiert. Wir werden nicht danach beurteilt, wie viel wir erhalten haben, sondern wie wir damit umgegangen sind. Wer seine Talente vervielf\u00e4ltigt, erh\u00e4lt die Belohnung: <em>\u201eGeh ein in die Freude deines Herrn.\u201c<\/em> Aber wer sein Talent aus Angst vergr\u00e4bt, wird getadelt. Dies erinnert uns daran, dass wir nicht in Mittelm\u00e4\u00dfigkeit oder geistlicher Gleichg\u00fcltigkeit leben d\u00fcrfen.<\/p>\n\n\n\n<h3 class=\"wp-block-heading\">4. <strong>Angst und Faulheit sind gro\u00dfe Feinde des geistlichen Wachstums<\/strong><\/h3>\n\n\n\n<p>Der dritte Diener verliert sein Talent nicht, er verschwendet es auch nicht in Lastern \u2013 er vergr\u00e4bt es einfach. Dennoch wird seine Haltung streng verurteilt. Warum? Weil der Glaube nicht passiv sein kann. Angst, Bequemlichkeit oder Tr\u00e4gheit k\u00f6nnen uns geistlich unfruchtbar machen.<\/p>\n\n\n\n<hr class=\"wp-block-separator has-alpha-channel-opacity\"\/>\n\n\n\n<h2 class=\"wp-block-heading\">Anwendung auf unser heutiges Leben<\/h2>\n\n\n\n<p>In unserer heutigen Welt bleibt dieses Gleichnis \u00e4u\u00dferst relevant. Viele Menschen haben Angst, Verantwortung zu \u00fcbernehmen, Risiken einzugehen oder sich f\u00fcr Gott und andere zu engagieren. Es f\u00e4llt uns schwer, aus unserer Routine auszubrechen und aktiv das Gute zu tun.<\/p>\n\n\n\n<p>Hier einige Fragen zur Selbstreflexion:<\/p>\n\n\n\n<ul class=\"wp-block-list\">\n<li>Nutze ich die Talente, die Gott mir gegeben hat, oder vergrabe ich sie?<\/li>\n\n\n\n<li>Helfe ich anderen mit meinen F\u00e4higkeiten?<\/li>\n\n\n\n<li>Lebe ich mit einem Sinn f\u00fcr meine Berufung, oder lasse ich die Tage einfach vorbeiziehen, ohne ein klares Ziel?<\/li>\n<\/ul>\n\n\n\n<p>Talente sind nicht nur nat\u00fcrliche F\u00e4higkeiten, sondern auch Gelegenheiten zum Dienen, Zeit f\u00fcr die Evangelisation, Ressourcen, um anderen zu helfen, und geistliche Gaben, die die Welt ver\u00e4ndern k\u00f6nnen.<\/p>\n\n\n\n<p>Heute sehen wir Menschen, die ihre Talente in der Suche nach Vergn\u00fcgen, in Faulheit oder Gleichg\u00fcltigkeit vergraben. Aber wir sehen auch diejenigen, die sie vervielf\u00e4ltigen: Heilige, Missionare, Lehrer, hingebungsvolle Eltern, junge Menschen, die in sozialen Medien evangelisieren, und Unternehmer, die ihre Ressourcen nutzen, um Bed\u00fcrftigen zu helfen.<\/p>\n\n\n\n<p><strong>Gott hat dir ein einzigartiges Talent gegeben. Wirst du es vervielf\u00e4ltigen oder vergraben?<\/strong><\/p>\n\n\n\n<hr class=\"wp-block-separator has-alpha-channel-opacity\"\/>\n\n\n\n<h2 class=\"wp-block-heading\">Ein Aufruf zum Handeln<\/h2>\n\n\n\n<p>Papst Johannes Paul II. sagte einmal:<\/p>\n\n\n\n<p><em>&#8222;Habt keine Angst, Heilige zu sein.&#8220;<\/em><\/p>\n\n\n\n<p>Ein Heiliger zu sein bedeutet nicht, au\u00dfergew\u00f6hnliche Dinge zu tun, sondern das, was Gott uns anvertraut hat, mit Liebe zu tun. Nicht alle sind zur gleichen Mission berufen, aber wir sind alle dazu berufen, mit dem, was wir erhalten haben, Fr\u00fcchte zu tragen.<\/p>\n\n\n\n<p>Der heilige Franz von Assisi hatte keine Reicht\u00fcmer, doch durch seine Armut gewann er Seelen f\u00fcr Christus. Die heilige Teresa von Kalkutta hatte keine politische Macht, doch durch ihren Dienst ver\u00e4nderte sie die Welt. Der heilige Josef sprach in der Bibel kein einziges Wort, doch durch seine Treue und Arbeit baute er die Heilige Familie von Nazareth auf.<\/p>\n\n\n\n<p>Auch du hast Talente. Vergrabe sie nicht. Nutze sie zur Ehre Gottes und zum Wohl anderer.<\/p>\n\n\n\n<hr class=\"wp-block-separator has-alpha-channel-opacity\"\/>\n\n\n\n<h2 class=\"wp-block-heading\">Fazit<\/h2>\n\n\n\n<p>Das Gleichnis von den Talenten ist ein Aufruf zur Verantwortung, zum Einsatz und zum Vertrauen in Gott. Es erinnert uns daran, dass der Glaube aktiv und fruchtbar sein muss. Das Himmelreich geh\u00f6rt denen, die mutig sind, auf Gottes Gnade vertrauen und ihre Gaben f\u00fcr das Gute einsetzen.<\/p>\n\n\n\n<p>Heute fragt dich Jesus: <em>Was wirst du mit dem tun, was ich dir gegeben habe?<\/em><\/p>\n\n\n\n<p>M\u00f6ge unsere Antwort sein: <em>\u201eHerr, hier sind die Talente, die Du mir gegeben hast. Ich habe sie f\u00fcr Deine Ehre vermehrt.\u201c<\/em> Und m\u00f6ge es geschehen, dass wir an dem Tag, an dem wir Ihm begegnen, diese Worte h\u00f6ren, nach denen sich jeder Christ sehnt:<\/p>\n\n\n\n<p><strong>\u201eSehr gut, du guter und treuer Diener! Geh ein in die Freude deines Herrn\u201c (Matth\u00e4us 25,21).<\/strong><\/p>\n","protected":false},"excerpt":{"rendered":"<p>Stell dir vor, ein K\u00f6nig reist in ein fernes Land und vertraut seinen Dienern sein Verm\u00f6gen an. Dem einen gibt er f\u00fcnf Talente, dem anderen zwei und dem dritten nur eines. Als er zur\u00fcckkehrt, stellt er fest, dass zwei von ihnen ihre Talente vermehrt haben, w\u00e4hrend der dritte aus Angst sein Talent vergraben hat, ohne &hellip;<\/p>\n","protected":false},"author":3,"featured_media":2574,"comment_status":"open","ping_status":"open","sticky":false,"template":"","format":"standard","meta":{"_seopress_robots_primary_cat":"","_seopress_titles_title":"","_seopress_titles_desc":"","_seopress_robots_index":"","footnotes":""},"categories":[45,37],"tags":[776],"class_list":["post-2573","post","type-post","status-publish","format-standard","has-post-thumbnail","","category-heilige-schrift","category-lehre-und-glaube","tag-gleichnis-von-den-talenten"],"_links":{"self":[{"href":"https:\/\/catholicus.eu\/de\/wp-json\/wp\/v2\/posts\/2573","targetHints":{"allow":["GET"]}}],"collection":[{"href":"https:\/\/catholicus.eu\/de\/wp-json\/wp\/v2\/posts"}],"about":[{"href":"https:\/\/catholicus.eu\/de\/wp-json\/wp\/v2\/types\/post"}],"author":[{"embeddable":true,"href":"https:\/\/catholicus.eu\/de\/wp-json\/wp\/v2\/users\/3"}],"replies":[{"embeddable":true,"href":"https:\/\/catholicus.eu\/de\/wp-json\/wp\/v2\/comments?post=2573"}],"version-history":[{"count":1,"href":"https:\/\/catholicus.eu\/de\/wp-json\/wp\/v2\/posts\/2573\/revisions"}],"predecessor-version":[{"id":2575,"href":"https:\/\/catholicus.eu\/de\/wp-json\/wp\/v2\/posts\/2573\/revisions\/2575"}],"wp:featuredmedia":[{"embeddable":true,"href":"https:\/\/catholicus.eu\/de\/wp-json\/wp\/v2\/media\/2574"}],"wp:attachment":[{"href":"https:\/\/catholicus.eu\/de\/wp-json\/wp\/v2\/media?parent=2573"}],"wp:term":[{"taxonomy":"category","embeddable":true,"href":"https:\/\/catholicus.eu\/de\/wp-json\/wp\/v2\/categories?post=2573"},{"taxonomy":"post_tag","embeddable":true,"href":"https:\/\/catholicus.eu\/de\/wp-json\/wp\/v2\/tags?post=2573"}],"curies":[{"name":"wp","href":"https:\/\/api.w.org\/{rel}","templated":true}]}}