{"id":2241,"date":"2025-02-16T06:32:37","date_gmt":"2025-02-16T05:32:37","guid":{"rendered":"https:\/\/catholicus.eu\/de\/?p=2241"},"modified":"2025-02-16T06:32:38","modified_gmt":"2025-02-16T05:32:38","slug":"laus-deo-der-ruf-der-schoepfung-und-das-herz-des-menschen","status":"publish","type":"post","link":"https:\/\/catholicus.eu\/de\/laus-deo-der-ruf-der-schoepfung-und-das-herz-des-menschen\/","title":{"rendered":"Laus Deo! Der Ruf der Sch\u00f6pfung und das Herz des Menschen"},"content":{"rendered":"\n<p>In einer Welt, in der L\u00e4rm und Ablenkung die Seele ersticken, hallen zwei Worte durch die Geschichte, die Liturgie und das Herz jedes Gl\u00e4ubigen: <em>Laus Deo<\/em>, was auf Lateinisch <em>Gelobt sei Gott<\/em> bedeutet. Diese Worte sind nicht nur ein religi\u00f6ser Slogan oder eine leere Floskel, sondern eine tiefe Erinnerung an den letzten Sinn unserer Existenz. Doch was bedeutet <em>Laus Deo<\/em> wirklich? Warum ist es f\u00fcr Christen heute so relevant? Wie k\u00f6nnen wir dieses Lob in unser t\u00e4gliches Leben integrieren?<\/p>\n\n\n\n<p>Dieser Artikel erforscht den theologischen und geistlichen Reichtum von <em>Laus Deo<\/em>, seine Bedeutung in der katholischen Tradition und wie diese Haltung des Lobes das Leben eines Gl\u00e4ubigen verwandeln kann.<\/p>\n\n\n\n<h2 class=\"wp-block-heading\"><strong>1. Laus Deo: Das Herz des christlichen Glaubens<\/strong><\/h2>\n\n\n\n<p>Das Lob ist die reinste Form des Gebets. W\u00e4hrend die Bitte sucht, das Dankgebet anerkennt und die Reue um Barmherzigkeit fleht, ist das Lob ein selbstloser Akt: Es verherrlicht Gott einfach, weil Er Gott ist.<\/p>\n\n\n\n<p>Von der Genesis bis zur Offenbarung ist die Heilige Schrift von diesem Geist des Lobes durchdrungen. In Psalm 150 ist die Einladung klar und universell:<\/p>\n\n\n\n<blockquote class=\"wp-block-quote is-layout-flow wp-block-quote-is-layout-flow\">\n<p>\u201eLobt Gott in seinem Heiligtum, lobt ihn in der Feste seiner Macht! [&#8230;] Alles, was atmet, lobe den Herrn.\u201c (Psalm 150, 1-6)<\/p>\n<\/blockquote>\n\n\n\n<p>Jesus selbst lebte <em>Laus Deo<\/em>. In seinem Gebet zum Vater beim Letzten Abendmahl sprach er Worte des Lobes:<\/p>\n\n\n\n<blockquote class=\"wp-block-quote is-layout-flow wp-block-quote-is-layout-flow\">\n<p>\u201eVater, ich danke dir, dass du mich erh\u00f6rt hast. Ich wusste, dass du mich immer erh\u00f6rst.\u201c (Johannes 11, 41-42)<\/p>\n<\/blockquote>\n\n\n\n<p>Die Jungfrau Maria verk\u00fcndet im Magnificat:<\/p>\n\n\n\n<blockquote class=\"wp-block-quote is-layout-flow wp-block-quote-is-layout-flow\">\n<p>\u201eMeine Seele preist die Gr\u00f6\u00dfe des Herrn, und mein Geist jubelt \u00fcber Gott, meinen Retter.\u201c (Lukas 1, 46-47)<\/p>\n<\/blockquote>\n\n\n\n<p>Und in der Offenbarung gipfelt die himmlische Liturgie in einem ewigen Chor von <em>Laus Deo<\/em>:<\/p>\n\n\n\n<blockquote class=\"wp-block-quote is-layout-flow wp-block-quote-is-layout-flow\">\n<p>\u201eLob und Ehre, Herrlichkeit und Macht sei dem, der auf dem Thron sitzt, und dem Lamm in alle Ewigkeit!\u201c (Offenbarung 5, 13)<\/p>\n<\/blockquote>\n\n\n\n<p>Das Lob ist der Atem der erl\u00f6sten Seele. Es ist nicht optional oder nur f\u00fcr einige wenige reserviert \u2013 es ist die Berufung jedes Menschen.<\/p>\n\n\n\n<h2 class=\"wp-block-heading\"><strong>2. Laus Deo in der Tradition der Kirche<\/strong><\/h2>\n\n\n\n<p>Von den ersten Christen bis heute hat die Kirche <em>Laus Deo<\/em> in den Mittelpunkt ihres Lebens gestellt.<\/p>\n\n\n\n<ul class=\"wp-block-list\">\n<li><strong>Die Liturgie<\/strong>: Die Heilige Messe ist der h\u00f6chste Akt des Lobpreises. Jedes <em>Gloria<\/em>, jedes <em>Sanctus<\/em>, jedes <em>Halleluja<\/em> ist ein Echo von <em>Laus Deo<\/em>.<\/li>\n\n\n\n<li><strong>Das Klosterleben<\/strong>: Der heilige Benedikt begr\u00fcndete das <em>Ora et Labora<\/em>, bei dem Arbeit und Gebet von Lobpreis durchdrungen sind.<\/li>\n\n\n\n<li><strong>Gro\u00dfe christliche Bauwerke<\/strong>: An der Spitze des Washington Monuments befindet sich die Inschrift <em>Laus Deo<\/em>, die uns daran erinnert, dass jeder menschliche Erfolg auf Gott ausgerichtet sein sollte.<\/li>\n<\/ul>\n\n\n\n<p>Selbst in Zeiten der Verfolgung haben M\u00e4rtyrer ihren letzten Atemzug mit <em>Laus Deo<\/em> geopfert und damit dem Beispiel Christi am Kreuz gefolgt:<\/p>\n\n\n\n<blockquote class=\"wp-block-quote is-layout-flow wp-block-quote-is-layout-flow\">\n<p>\u201eVater, in deine H\u00e4nde lege ich meinen Geist.\u201c (Lukas 23, 46)<\/p>\n<\/blockquote>\n\n\n\n<h2 class=\"wp-block-heading\"><strong>3. Warum brauchen wir Laus Deo heute?<\/strong><\/h2>\n\n\n\n<p>Wir leben in einer Zeit der Angst, des Materialismus und der Hoffnungslosigkeit. Viele suchen Sinn in kurzlebigen Ideologien, in Technologie oder im Vergn\u00fcgen, aber nichts stillt die Seele so sehr wie das Lob Gottes.<\/p>\n\n\n\n<h3 class=\"wp-block-heading\"><strong>Lobpreis befreit uns<\/strong><\/h3>\n\n\n\n<p>Wenn wir Gott loben, nehmen wir unseren Blick von uns selbst und richten ihn auf Ihn. Das Lob ist das Gegenmittel gegen Selbstgen\u00fcgsamkeit, Stolz und Verzweiflung.<\/p>\n\n\n\n<h3 class=\"wp-block-heading\"><strong>Lobpreis verbindet uns mit dem Himmel<\/strong><\/h3>\n\n\n\n<p>Jedes Mal, wenn wir <em>Laus Deo<\/em> sagen, schlie\u00dfen wir uns der himmlischen Liturgie an. Der heilige Augustinus sagte, dass derjenige, der gut singt, doppelt betet \u2013 aber wer lobt, antizipiert die Ewigkeit.<\/p>\n\n\n\n<h3 class=\"wp-block-heading\"><strong>Lobpreis verwandelt Leid<\/strong><\/h3>\n\n\n\n<p>Die Heiligen verstanden, dass das Lob am m\u00e4chtigsten ist, wenn es inmitten des Leidens dargebracht wird. Die heilige Th\u00e9r\u00e8se von Lisieux sagte:<\/p>\n\n\n\n<blockquote class=\"wp-block-quote is-layout-flow wp-block-quote-is-layout-flow\">\n<p>\u201eMein Gott, ich liebe Dich!\u201c Und am Ende ihres Lebens, inmitten ihrer Schmerzen, wiederholte sie weiterhin: \u201eAlles ist Gnade.\u201c<\/p>\n<\/blockquote>\n\n\n\n<p>Der heilige Paulus und Silas wurden ins Gef\u00e4ngnis geworfen, doch anstatt zu klagen, sangen sie Hymnen zu Gott (Apostelgeschichte 16, 25).<\/p>\n\n\n\n<h2 class=\"wp-block-heading\"><strong>4. Wie kann man Laus Deo in den Alltag integrieren?<\/strong><\/h2>\n\n\n\n<p>Es reicht nicht aus, das Lob zu verstehen; wir m\u00fcssen es praktizieren. Hier einige M\u00f6glichkeiten:<\/p>\n\n\n\n<ol class=\"wp-block-list\">\n<li><strong>Beginne und beende den Tag mit Laus Deo<\/strong>\n<ul class=\"wp-block-list\">\n<li>Beim Aufwachen sage: \u201e<em>Laus Deo!<\/em> Danke, Herr, f\u00fcr diesen neuen Tag.\u201c<\/li>\n\n\n\n<li>Vor dem Schlafengehen blicke auf den Tag zur\u00fcck und lobe Gott f\u00fcr jede Segnung.<\/li>\n<\/ul>\n<\/li>\n\n\n\n<li><strong>Verwandle deine Arbeit in einen Akt des Lobes<\/strong>\n<ul class=\"wp-block-list\">\n<li>Biete jede Aufgabe Gott dar: \u201eHerr, das ist f\u00fcr Dich.\u201c<\/li>\n\n\n\n<li>Konzentriere dich darauf, anderen mit Liebe zu dienen.<\/li>\n<\/ul>\n<\/li>\n\n\n\n<li><strong>Lobe Gott in Schwierigkeiten<\/strong>\n<ul class=\"wp-block-list\">\n<li>Wenn du Problemen begegnest, sage: \u201e<em>Herr, in jeder Situation, Laus Deo!<\/em>\u201c<\/li>\n\n\n\n<li>Erinnere dich daran, dass Gott Gutes aus dem B\u00f6sen schafft.<\/li>\n<\/ul>\n<\/li>\n\n\n\n<li><strong>Nutze Musik und Gebet<\/strong>\n<ul class=\"wp-block-list\">\n<li>H\u00f6re Hymnen, Psalmen und Lieder des Lobpreises.<\/li>\n\n\n\n<li>Bete mit den Psalmen, besonders mit den Nummern 145-150.<\/li>\n<\/ul>\n<\/li>\n\n\n\n<li><strong>Evangelisiere mit Laus Deo<\/strong>\n<ul class=\"wp-block-list\">\n<li>Teile Botschaften der Hoffnung und des Glaubens.<\/li>\n\n\n\n<li>Sei ein Zeugnis f\u00fcr christliche Freude.<\/li>\n<\/ul>\n<\/li>\n<\/ol>\n\n\n\n<h2 class=\"wp-block-heading\"><strong>Fazit: Das ewige Echo von Laus Deo<\/strong><\/h2>\n\n\n\n<p><em>Laus Deo<\/em> ist nicht nur eine fromme Redewendung \u2013 es ist der Sinn unseres Lebens. Gott zu loben macht uns menschlicher, gl\u00fccklicher und freier. Es verbindet uns mit unserer wahren Identit\u00e4t und unserem endg\u00fcltigen Ziel: dem Himmel.<\/p>\n\n\n\n<p>Warten wir nicht auf einen besonderen Moment, um <em>Laus Deo<\/em> zu sagen. Tun wir es jetzt, hier, in jedem Wort und jeder Tat. M\u00f6ge unser Leben ein Lobgesang sein, der in der Ewigkeit widerhallt.<\/p>\n\n\n\n<p><strong>Laus Deo! Jetzt und f\u00fcr immer!<\/strong><\/p>\n","protected":false},"excerpt":{"rendered":"<p>In einer Welt, in der L\u00e4rm und Ablenkung die Seele ersticken, hallen zwei Worte durch die Geschichte, die Liturgie und das Herz jedes Gl\u00e4ubigen: Laus Deo, was auf Lateinisch Gelobt sei Gott bedeutet. Diese Worte sind nicht nur ein religi\u00f6ser Slogan oder eine leere Floskel, sondern eine tiefe Erinnerung an den letzten Sinn unserer Existenz. &hellip;<\/p>\n","protected":false},"author":3,"featured_media":2238,"comment_status":"open","ping_status":"open","sticky":false,"template":"","format":"standard","meta":{"_seopress_robots_primary_cat":"","_seopress_titles_title":"","_seopress_titles_desc":"","_seopress_robots_index":"","footnotes":""},"categories":[58,40],"tags":[638],"class_list":["post-2241","post","type-post","status-publish","format-standard","has-post-thumbnail","","category-gebet-und-geistliches-leben","category-gebet-und-spiritualitaet","tag-laus-deo"],"_links":{"self":[{"href":"https:\/\/catholicus.eu\/de\/wp-json\/wp\/v2\/posts\/2241","targetHints":{"allow":["GET"]}}],"collection":[{"href":"https:\/\/catholicus.eu\/de\/wp-json\/wp\/v2\/posts"}],"about":[{"href":"https:\/\/catholicus.eu\/de\/wp-json\/wp\/v2\/types\/post"}],"author":[{"embeddable":true,"href":"https:\/\/catholicus.eu\/de\/wp-json\/wp\/v2\/users\/3"}],"replies":[{"embeddable":true,"href":"https:\/\/catholicus.eu\/de\/wp-json\/wp\/v2\/comments?post=2241"}],"version-history":[{"count":1,"href":"https:\/\/catholicus.eu\/de\/wp-json\/wp\/v2\/posts\/2241\/revisions"}],"predecessor-version":[{"id":2242,"href":"https:\/\/catholicus.eu\/de\/wp-json\/wp\/v2\/posts\/2241\/revisions\/2242"}],"wp:featuredmedia":[{"embeddable":true,"href":"https:\/\/catholicus.eu\/de\/wp-json\/wp\/v2\/media\/2238"}],"wp:attachment":[{"href":"https:\/\/catholicus.eu\/de\/wp-json\/wp\/v2\/media?parent=2241"}],"wp:term":[{"taxonomy":"category","embeddable":true,"href":"https:\/\/catholicus.eu\/de\/wp-json\/wp\/v2\/categories?post=2241"},{"taxonomy":"post_tag","embeddable":true,"href":"https:\/\/catholicus.eu\/de\/wp-json\/wp\/v2\/tags?post=2241"}],"curies":[{"name":"wp","href":"https:\/\/api.w.org\/{rel}","templated":true}]}}