{"id":2191,"date":"2025-02-12T00:02:27","date_gmt":"2025-02-11T23:02:27","guid":{"rendered":"https:\/\/catholicus.eu\/de\/?p=2191"},"modified":"2025-02-12T00:10:52","modified_gmt":"2025-02-11T23:10:52","slug":"die-liturgischen-zyklen-und-zeiten-ein-weg-der-gnade-durch-das-kirchenjahr","status":"publish","type":"post","link":"https:\/\/catholicus.eu\/de\/die-liturgischen-zyklen-und-zeiten-ein-weg-der-gnade-durch-das-kirchenjahr\/","title":{"rendered":"Die liturgischen Zyklen und Zeiten: Ein Weg der Gnade durch das Kirchenjahr"},"content":{"rendered":"\n<p>Im Leben der katholischen Kirche ist die Zeit nicht einfach eine Abfolge von Tagen, Wochen und Monaten. Sie ist ein heiliges Geschenk, ein Raum, in dem Gott sich offenbart und in der Heilsgeschichte handelt. Die liturgischen Zyklen und Zeiten bilden den Rahmen, der diese heilige Zeit strukturiert. Sie f\u00fchren uns durch die Geheimnisse des Glaubens und helfen uns, in Gemeinschaft mit Christus und seiner Kirche zu leben. In diesem Artikel werden wir den Ursprung, die Geschichte und die aktuelle Bedeutung der liturgischen Zyklen und Zeiten vertiefen und einen spirituellen Leitfaden f\u00fcr alle bieten, die ihren Glauben vertiefen und ihn lebendiger leben m\u00f6chten.<\/p>\n\n\n\n<h3 class=\"wp-block-heading\"><strong>Der Ursprung der liturgischen Zyklen und Zeiten: Ein g\u00f6ttlicher Plan<\/strong><\/h3>\n\n\n\n<p>Die Liturgie der Kirche ist keine menschliche Erfindung, sondern ein g\u00f6ttliches Geschenk, das sich im Laufe der Jahrhunderte unter der F\u00fchrung des Heiligen Geistes entwickelt hat. Schon die ersten Christen sp\u00fcrten das Bed\u00fcrfnis, die Geheimnisse des Glaubens in einer geordneten und gemeinschaftlichen Weise zu feiern. Die liturgischen Zyklen und Zeiten haben ihre Wurzeln in der j\u00fcdischen Tradition, in der das Volk Israel Feste wie das Pascha, Pfingsten und das Laubh\u00fcttenfest feierte, um sich an die rettenden Taten Gottes zu erinnern. Jesus selbst nahm an diesen Feiern teil und gab ihnen eine neue Bedeutung, indem er sie durch sein Leben, seinen Tod und seine Auferstehung erf\u00fcllte.<\/p>\n\n\n\n<p>Das Zweite Vatikanische Konzil erinnert uns in der Konstitution&nbsp;<em>Sacrosanctum Concilium<\/em>&nbsp;daran, dass &#8222;die Liturgie der Gipfel ist, dem das Tun der Kirche zustrebt, und zugleich die Quelle, aus der all ihre Kraft str\u00f6mt&#8220; (SC 10). Die liturgischen Zyklen und Zeiten sind daher ein lebendiger Ausdruck dieser Wirklichkeit, ein Mittel, durch das die Kirche die Heilsgeheimnisse vergegenw\u00e4rtigt und sie in das Leben der Gl\u00e4ubigen einflie\u00dfen l\u00e4sst.<\/p>\n\n\n\n<h3 class=\"wp-block-heading\"><strong>Die liturgischen Zyklen: A, B und C<\/strong><\/h3>\n\n\n\n<p>Die katholische Kirche gliedert ihr liturgisches Jahr in drei Zyklen, die als Zyklus A, Zyklus B und Zyklus C bekannt sind. Diese Zyklen konzentrieren sich auf die fortlaufende Lesung der synoptischen Evangelien (Matth\u00e4us, Markus und Lukas), w\u00e4hrend das Johannesevangelium besonderen Anl\u00e4ssen wie der Osterzeit vorbehalten ist.<\/p>\n\n\n\n<ol start=\"1\" class=\"wp-block-list\">\n<li><strong>Zyklus A: Das Matth\u00e4usevangelium<\/strong>. Zyklus A konzentriert sich auf das Matth\u00e4usevangelium, das Jesus als den verhei\u00dfenen Messias darstellt, die Erf\u00fcllung der alttestamentlichen Prophezeiungen. Dieser Zyklus l\u00e4dt uns ein, die Lehren Jesu zu vertiefen, insbesondere die Bergpredigt, in der uns der Weg der Seligpreisungen aufgezeigt wird. Matth\u00e4us zeigt uns Jesus als den neuen Mose, der uns zur F\u00fclle des Gesetzes f\u00fchrt: der Liebe zu Gott und zum N\u00e4chsten.<\/li>\n\n\n\n<li><strong>Zyklus B: Das Markusevangelium<\/strong>. Zyklus B konzentriert sich auf das Markusevangelium, das k\u00fcrzeste und direkteste der Evangelien. Markus stellt Jesus als den leidenden Diener dar, der gekommen ist, um zu dienen und sein Leben als L\u00f6segeld f\u00fcr viele hinzugeben (Markus 10,45). Dieser Zyklus l\u00e4dt uns ein, die Menschlichkeit Jesu zu betrachten, sein Mitgef\u00fchl mit den Kranken und S\u00fcndern und seine v\u00f6llige Hingabe am Kreuz.<\/li>\n\n\n\n<li><strong>Zyklus C: Das Lukasevangelium<\/strong>. Zyklus C konzentriert sich auf das Lukasevangelium, das die Barmherzigkeit Jesu und seine besondere Sorge f\u00fcr die Armen, die Ausgegrenzten und die S\u00fcnder betont. Lukas stellt Jesus als den universellen Retter dar, der die Frohe Botschaft zu allen V\u00f6lkern bringt. Dieser Zyklus l\u00e4dt uns ein, in Barmherzigkeit und Gerechtigkeit zu leben, indem wir dem Beispiel Jesu folgen.<\/li>\n<\/ol>\n\n\n\n<h3 class=\"wp-block-heading\"><strong>Die liturgischen Zeiten: Weihnachten, Ostern und die ordentliche Zeit<\/strong><\/h3>\n\n\n\n<p>Das liturgische Jahr ist in drei Hauptzeiten unterteilt: die Weihnachtszeit, die Osterzeit und die ordentliche Zeit. Jede dieser Zeiten hat einen eigenen Charakter und l\u00e4dt uns ein, verschiedene Aspekte des Geheimnisses Christi zu vertiefen.<\/p>\n\n\n\n<ol start=\"1\" class=\"wp-block-list\">\n<li><strong>Die Weihnachtszeit: Die Menschwerdung des Wortes<\/strong>. Die Weihnachtszeit beginnt mit dem Advent, einer Zeit des Wartens und der Vorbereitung auf das Kommen Christi. W\u00e4hrend vier Wochen l\u00e4dt uns die Kirche ein, \u00fcber die beiden Ank\u00fcnfte Jesu nachzudenken: seine Geburt in Bethlehem und seine glorreiche Wiederkunft am Ende der Zeiten. Der Advent ist eine Zeit der Hoffnung, in der uns gesagt wird: &#8222;Der Herr ist nahe&#8220; (Philipper 4,5).Weihnachten, das die Geburt Jesu feiert, steht im Mittelpunkt dieser Zeit. Es ist eine Zeit der Freude und des Staunens, in der wir das Geheimnis der Menschwerdung betrachten: Das Wort ist Fleisch geworden und hat unter uns gewohnt (Johannes 1,14). Die Erscheinung des Herrn (Epiphanie) und die Taufe des Herrn beschlie\u00dfen diese Zeit und offenbaren Jesus als das Licht der V\u00f6lker und seine Identit\u00e4t als der geliebte Sohn des Vaters.<\/li>\n\n\n\n<li><strong>Die Osterzeit: Der Triumph des Lebens \u00fcber den Tod<\/strong>. Die Osterzeit ist das Herzst\u00fcck des liturgischen Jahres. Sie beginnt mit der Fastenzeit, einer vierzigt\u00e4gigen Zeit der Bu\u00dfe, des Gebets und des Fastens, die auf die Feier von Ostern vorbereitet. Die Fastenzeit l\u00e4dt uns zur Umkehr ein und dazu, der S\u00fcnde zu sterben, um mit Christus zu einem neuen Leben aufzuerstehen.Die Karwoche, die im Pascha-Triduum (Gr\u00fcndonnerstag, Karfreitag und Karsamstag) gipfelt, ist die heiligste Zeit des Jahres. Beim Letzten Abendmahl stiftet Jesus die Eucharistie und das Priestertum; am Kreuz opfert er sein Leben f\u00fcr unser Heil; und in der Auferstehung besiegt er den Tod und \u00f6ffnet uns die Tore zum ewigen Leben. Ostern ist daher das Fest der Feste, der Tag, an dem &#8222;Christus, unser Paschalamm, geopfert worden ist&#8220; (1 Korinther 5,7).Die Osterzeit erstreckt sich \u00fcber f\u00fcnfzig Tage bis Pfingsten, wenn der Heilige Geist auf die Apostel herabkommt und die Kirche als missionarische Gemeinschaft geboren wird. Diese Zeit erinnert uns daran, dass die Auferstehung kein Ereignis der Vergangenheit ist, sondern eine lebendige Wirklichkeit, die unser Leben hier und jetzt verwandelt.<\/li>\n\n\n\n<li><strong>Die ordentliche Zeit: Das Leben in Christus<\/strong>. Die ordentliche Zeit ist die l\u00e4ngste der liturgischen Zeiten und umfasst dreiunddrei\u00dfig oder vierunddrei\u00dfig Wochen. Obwohl ihr Name etwas Gew\u00f6hnliches oder Routinem\u00e4\u00dfiges suggerieren k\u00f6nnte, ist diese Zeit alles andere als gew\u00f6hnlich. Es ist eine Zeit, um im Leben Christi zu wachsen, \u00fcber seine Lehren zu meditieren und als J\u00fcnger in der Welt zu leben.W\u00e4hrend der ordentlichen Zeit f\u00fchrt uns die Kirche durch die Evangelien und stellt uns das Leben und Wirken Jesu vor. Es ist eine Zeit, um die Gleichnisse, Wunder und Lehren Christi zu vertiefen und sie auf unser t\u00e4gliches Leben anzuwenden. Wie der heilige Paulus sagt: &#8222;Nicht mehr ich lebe, sondern Christus lebt in mir&#8220; (Galater 2,20).<\/li>\n<\/ol>\n\n\n\n<h3 class=\"wp-block-heading\"><strong>Die Bedeutung der liturgischen Zyklen und Zeiten in der heutigen Welt<\/strong><\/h3>\n\n\n\n<p>In einer Welt, die von Hektik, Konsum und S\u00e4kularisierung gepr\u00e4gt ist, bieten die liturgischen Zyklen und Zeiten einen notwendigen Kontrapunkt. Sie laden uns ein, innezuhalten, zu betrachten und im Einklang mit dem Rhythmus Gottes zu leben. In einer Kultur, die oft den Sinn f\u00fcr das Heilige vergisst, erinnert uns die Liturgie daran, dass die Zeit nicht nur eine Abfolge von Tagen ist, sondern ein Geschenk Gottes, ein Raum f\u00fcr die Gnade.<\/p>\n\n\n\n<p>Die liturgischen Zyklen und Zeiten helfen uns auch, in den Herausforderungen des Lebens einen Sinn zu finden. Der Advent lehrt uns, in der Dunkelheit zu warten; die Fastenzeit ruft uns auf, unser Herz zu reinigen; Ostern erf\u00fcllt uns mit Hoffnung angesichts von Leiden und Tod; und die ordentliche Zeit ermutigt uns, im Glauben zu beharren, selbst im Allt\u00e4glichen.<\/p>\n\n\n\n<p>Dar\u00fcber hinaus vereint uns die Liturgie in einer zunehmend fragmentierten Welt als Gemeinschaft. Indem wir dieselben Geheimnisse feiern, in Gemeinschaft mit der universalen Kirche, erfahren wir die Einheit des Leibes Christi. Wie uns das Zweite Vatikanische Konzil erinnert, ist &#8222;die Liturgie die Aus\u00fcbung des Priestertums Jesu Christi&#8220; (SC 7), und wir alle nehmen daran teil als priesterliches Volk.<\/p>\n\n\n\n<h3 class=\"wp-block-heading\"><strong>Schlussfolgerung: Ein Weg zur Heiligkeit<\/strong><\/h3>\n\n\n\n<p>Die liturgischen Zyklen und Zeiten sind letztlich ein Weg zur Heiligkeit. Sie f\u00fchren uns durch die Geheimnisse des Glaubens, helfen uns, im Leben Christi zu wachsen, und bereiten uns auf das ewige Leben vor. Wie der Psalmist sagt: &#8222;Lehre uns, unsere Tage zu z\u00e4hlen, damit wir ein weises Herz gewinnen&#8220; (Psalm 90,12).<\/p>\n\n\n\n<p>Auf dieser heiligen Reise durch Zeit und Ewigkeit ist jeder liturgische Zyklus und jede Zeit eine Gelegenheit, unseren Glauben zu erneuern, unsere Hoffnung zu st\u00e4rken und unsere Liebe zu entfachen. M\u00f6gen wir, indem wir diese Zyklen und Zeiten mit Hingabe und Einsatz leben, mit dem heiligen Paulus sagen k\u00f6nnen: &#8222;F\u00fcr mich ist Christus das Leben&#8220; (Philipper 1,21), und so die F\u00fclle des Lebens in ihm erlangen.<\/p>\n\n\n\n<hr class=\"wp-block-separator has-alpha-channel-opacity\"\/>\n\n\n\n<p>Dieser Artikel ist eine Einladung, sich in den Reichtum der katholischen Liturgie zu vertiefen, in jedem Zyklus und jeder Zeit eine neue Dimension der Liebe Gottes zu entdecken und jeden Tag als einen Schritt n\u00e4her zur Ewigkeit zu leben. M\u00f6ge der Heilige Geist uns auf diesem Weg f\u00fchren, damit wir am Ende unserer Pilgerschaft das Angesicht Gottes schauen und uns an seiner Gegenwart erfreuen d\u00fcrfen. Amen.<\/p>\n","protected":false},"excerpt":{"rendered":"<p>Im Leben der katholischen Kirche ist die Zeit nicht einfach eine Abfolge von Tagen, Wochen und Monaten. Sie ist ein heiliges Geschenk, ein Raum, in dem Gott sich offenbart und in der Heilsgeschichte handelt. Die liturgischen Zyklen und Zeiten bilden den Rahmen, der diese heilige Zeit strukturiert. Sie f\u00fchren uns durch die Geheimnisse des Glaubens &hellip;<\/p>\n","protected":false},"author":3,"featured_media":2192,"comment_status":"open","ping_status":"open","sticky":false,"template":"","format":"standard","meta":{"_seopress_robots_primary_cat":"","_seopress_titles_title":"","_seopress_titles_desc":"","_seopress_robots_index":"","footnotes":""},"categories":[38,52],"tags":[622],"class_list":["post-2191","post","type-post","status-publish","format-standard","has-post-thumbnail","","category-geschichte-und-tradition","category-liturgie-und-kirchenjahr","tag-liturgischen-zyklen-und-zeiten"],"_links":{"self":[{"href":"https:\/\/catholicus.eu\/de\/wp-json\/wp\/v2\/posts\/2191","targetHints":{"allow":["GET"]}}],"collection":[{"href":"https:\/\/catholicus.eu\/de\/wp-json\/wp\/v2\/posts"}],"about":[{"href":"https:\/\/catholicus.eu\/de\/wp-json\/wp\/v2\/types\/post"}],"author":[{"embeddable":true,"href":"https:\/\/catholicus.eu\/de\/wp-json\/wp\/v2\/users\/3"}],"replies":[{"embeddable":true,"href":"https:\/\/catholicus.eu\/de\/wp-json\/wp\/v2\/comments?post=2191"}],"version-history":[{"count":2,"href":"https:\/\/catholicus.eu\/de\/wp-json\/wp\/v2\/posts\/2191\/revisions"}],"predecessor-version":[{"id":2194,"href":"https:\/\/catholicus.eu\/de\/wp-json\/wp\/v2\/posts\/2191\/revisions\/2194"}],"wp:featuredmedia":[{"embeddable":true,"href":"https:\/\/catholicus.eu\/de\/wp-json\/wp\/v2\/media\/2192"}],"wp:attachment":[{"href":"https:\/\/catholicus.eu\/de\/wp-json\/wp\/v2\/media?parent=2191"}],"wp:term":[{"taxonomy":"category","embeddable":true,"href":"https:\/\/catholicus.eu\/de\/wp-json\/wp\/v2\/categories?post=2191"},{"taxonomy":"post_tag","embeddable":true,"href":"https:\/\/catholicus.eu\/de\/wp-json\/wp\/v2\/tags?post=2191"}],"curies":[{"name":"wp","href":"https:\/\/api.w.org\/{rel}","templated":true}]}}