{"id":2145,"date":"2025-02-10T10:36:05","date_gmt":"2025-02-10T09:36:05","guid":{"rendered":"https:\/\/catholicus.eu\/de\/?p=2145"},"modified":"2025-02-10T10:36:05","modified_gmt":"2025-02-10T09:36:05","slug":"non-serviam-die-rebellion-des-stolzes-und-der-ruf-zur-demut","status":"publish","type":"post","link":"https:\/\/catholicus.eu\/de\/non-serviam-die-rebellion-des-stolzes-und-der-ruf-zur-demut\/","title":{"rendered":"&#8222;Non Serviam&#8220;: Die Rebellion des Stolzes und der Ruf zur Demut"},"content":{"rendered":"\n<p>In der Geschichte der Menschheit gibt es nur wenige S\u00e4tze, die das Wesen der Rebellion so kraftvoll verk\u00f6rpern wie &#8222;Non Serviam&#8220;, was auf Latein &#8222;Ich werde nicht dienen&#8220; bedeutet. Dieser Ausspruch wird Lucifer zugeschrieben, als er sich gegen Gott auflehnte, und er ist zu einem Symbol f\u00fcr Stolz, Ungehorsam und Selbstherrlichkeit geworden, das den Menschen von seinem Sch\u00f6pfer entfernt. Doch was bedeutet &#8222;Non Serviam&#8220; wirklich im Kontext des katholischen Glaubens? Und noch wichtiger: Wie k\u00f6nnen wir vermeiden, in dieselbe Falle zu tappen, die so viele Engel und Menschen ins Verderben gef\u00fchrt hat?<\/p>\n\n\n\n<h2 class=\"wp-block-heading\">Der Ursprung von &#8222;Non Serviam&#8220;: Luzifer und sein Fall<\/h2>\n\n\n\n<p>Die katholische Tradition lehrt uns, dass Luzifer, der sch\u00f6nste und m\u00e4chtigste Engel, den Gott erschaffen hatte, sich gegen Ihn auflehnte, als ihm der g\u00f6ttliche Plan der Menschwerdung offenbart wurde. Im Gegensatz dazu rief der Erzengel Michael den ber\u00fchmten Schlachtruf &#8222;Quis ut Deus?&#8220; (&#8222;Wer ist wie Gott?&#8220;) aus und f\u00fchrte die himmlischen Heerscharen gegen die Rebellion der gefallenen Engel.<\/p>\n\n\n\n<p>Die Heilige Schrift erw\u00e4hnt zwar nicht ausdr\u00fccklich die Worte &#8222;Non Serviam&#8220;, gibt uns aber Hinweise auf Luzifers Fall in Passagen wie Jesaja 14,12-15:<\/p>\n\n\n\n<blockquote class=\"wp-block-quote is-layout-flow wp-block-quote-is-layout-flow\">\n<p>&#8222;Wie bist du vom Himmel gefallen, du strahlender Morgenstern, Sohn der Morgenr\u00f6te! Zu Boden geschmettert bist du, Besieger der Nationen! Du aber hattest dir in deinem Herzen vorgenommen: Ich steige in den Himmel hinauf, hoch \u00fcber die Sterne Gottes erhebe ich meinen Thron&#8230; Ich will dem H\u00f6chsten gleich sein. Doch ins Totenreich bist du hinabgest\u00fcrzt, in die tiefste Grube.&#8220;<\/p>\n<\/blockquote>\n\n\n\n<p>Hier sehen wir das Wesen von Luzifers S\u00fcnde: Stolz und der Wunsch, Gott gleich zu sein. Er akzeptierte seine Gesch\u00f6pflichkeit nicht und weigerte sich zu dienen. Dieselbe S\u00fcnde hat die Menschheitsgeschichte immer wieder gepr\u00e4gt.<\/p>\n\n\n\n<h2 class=\"wp-block-heading\">&#8222;Non Serviam&#8220; in der Geschichte der Menschheit<\/h2>\n\n\n\n<p>Luzifers Rebellion hallte in der Menschheit seit Anbeginn der Zeit wider. In der Genesis sehen wir, wie Adam und Eva derselben T\u00e4uschung erlagen, als die Schlange ihnen sagte:<\/p>\n\n\n\n<blockquote class=\"wp-block-quote is-layout-flow wp-block-quote-is-layout-flow\">\n<p>&#8222;Ihr werdet sein wie Gott&#8220; (Genesis 3,5).<\/p>\n<\/blockquote>\n\n\n\n<p>Seitdem ist die Geschichte der Menschheit ein st\u00e4ndiger Kampf zwischen der Unterwerfung unter den g\u00f6ttlichen Willen und dem Streben nach absoluter Selbstbestimmung. Diese Haltung spiegelt sich in vielen Aspekten der modernen Gesellschaft wider: moralischer Relativismus, die Ablehnung des Naturrechts und der Versuch, die menschliche Natur nach ideologischen Vorstellungen umzugestalten. Jedes Mal, wenn der Mensch sagt &#8222;Ich werde nicht dienen&#8220;, wiederholt er denselben urspr\u00fcnglichen Fehler.<\/p>\n\n\n\n<h3 class=\"wp-block-heading\">Praktische Anwendungen: Wie vermeiden wir den Geist von &#8222;Non Serviam&#8220;?<\/h3>\n\n\n\n<p>Auch in unserem t\u00e4glichen Leben stehen wir vor diesem geistlichen Kampf. Es handelt sich nicht nur um eine alte mythologische Geschichte, sondern um eine Realit\u00e4t, die uns unmittelbar betrifft. Einige M\u00f6glichkeiten, dem Geist von &#8222;Non Serviam&#8220; zu entgehen, sind:<\/p>\n\n\n\n<ol start=\"1\" class=\"wp-block-list\">\n<li><strong>Demut praktizieren:<\/strong> Demut ist die Tugend, die dem Stolz direkt entgegengesetzt ist. Der heilige Bernhard von Clairvaux sagte: &#8222;Demut ist die Tugend, die uns die Wahrheit \u00fcber uns selbst gibt.&#8220; Wenn wir unsere eigene Geringf\u00fcgigkeit vor Gott anerkennen, sch\u00fctzt uns das vor der T\u00e4uschung der Selbstherrlichkeit.<\/li>\n\n\n\n<li><strong>Die Autorit\u00e4t Gottes und seiner Kirche anerkennen:<\/strong> In einer Zeit, in der Autorit\u00e4t st\u00e4ndig infrage gestellt wird, m\u00fcssen wir uns daran erinnern, dass der Gehorsam gegen\u00fcber der Kirche Gehorsam gegen\u00fcber Christus selbst ist (Lukas 10,16).<\/li>\n\n\n\n<li><strong>Im Stand der Gnade leben:<\/strong> Der Kampf gegen die S\u00fcnde erfordert \u00fcbernat\u00fcrliche Gnade. Die h\u00e4ufige Beichte und die Eucharistie sind m\u00e4chtige Waffen gegen Stolz und die Zur\u00fcckweisung Gottes.<\/li>\n\n\n\n<li><strong>Anderen dienen:<\/strong> Wahre Liebe zu Gott zeigt sich im Dienst am N\u00e4chsten. Jesus selbst sagte:&#8220;Wer der Erste sein will, soll der Letzte von allen und der Diener aller sein&#8220; (Markus 9,35).Mit Freude und Gro\u00dfz\u00fcgigkeit zu dienen, ist die beste Art zu sagen: &#8222;Serviam&#8220; (&#8222;Ich werde dienen&#8220;).<\/li>\n<\/ol>\n\n\n\n<h2 class=\"wp-block-heading\">Fazit: &#8222;Serviam&#8220; als Antwort auf die Rebellion<\/h2>\n\n\n\n<p>Wenn &#8222;Non Serviam&#8220; der Ruf des Stolzes ist, dann muss &#8222;Serviam&#8220; der Ruf des Christen sein. Es ist das Motto der treuen Engel, der Heiligen und all derer, die Christus bis zum Ende folgen wollen. Der heilige Ignatius von Loyola hinterlie\u00df uns ein wundersch\u00f6nes Gebet, um der Versuchung der Selbstherrlichkeit entgegenzuwirken:<\/p>\n\n\n\n<blockquote class=\"wp-block-quote is-layout-flow wp-block-quote-is-layout-flow\">\n<p>&#8222;Nimm hin, o Herr, meine ganze Freiheit, mein Ged\u00e4chtnis, meinen Verstand und meinen ganzen Willen.&#8220;<\/p>\n<\/blockquote>\n\n\n\n<p>In einer Welt, die Selbstgen\u00fcgsamkeit und die Ablehnung Gottes propagiert, sind wir aufgerufen, mit Demut und Hingabe zu antworten. M\u00f6gen wir jeden Tag mit \u00dcberzeugung wiederholen: <strong>Serviam! Ich werde dienen!<\/strong><\/p>\n","protected":false},"excerpt":{"rendered":"<p>In der Geschichte der Menschheit gibt es nur wenige S\u00e4tze, die das Wesen der Rebellion so kraftvoll verk\u00f6rpern wie &#8222;Non Serviam&#8220;, was auf Latein &#8222;Ich werde nicht dienen&#8220; bedeutet. Dieser Ausspruch wird Lucifer zugeschrieben, als er sich gegen Gott auflehnte, und er ist zu einem Symbol f\u00fcr Stolz, Ungehorsam und Selbstherrlichkeit geworden, das den Menschen &hellip;<\/p>\n","protected":false},"author":3,"featured_media":2146,"comment_status":"open","ping_status":"open","sticky":false,"template":"","format":"standard","meta":{"_seopress_robots_primary_cat":"","_seopress_titles_title":"","_seopress_titles_desc":"","_seopress_robots_index":"","footnotes":""},"categories":[43,37],"tags":[605],"class_list":["post-2145","post","type-post","status-publish","format-standard","has-post-thumbnail","","category-katechismus-der-katholischen-kirche","category-lehre-und-glaube","tag-non-serviam"],"_links":{"self":[{"href":"https:\/\/catholicus.eu\/de\/wp-json\/wp\/v2\/posts\/2145","targetHints":{"allow":["GET"]}}],"collection":[{"href":"https:\/\/catholicus.eu\/de\/wp-json\/wp\/v2\/posts"}],"about":[{"href":"https:\/\/catholicus.eu\/de\/wp-json\/wp\/v2\/types\/post"}],"author":[{"embeddable":true,"href":"https:\/\/catholicus.eu\/de\/wp-json\/wp\/v2\/users\/3"}],"replies":[{"embeddable":true,"href":"https:\/\/catholicus.eu\/de\/wp-json\/wp\/v2\/comments?post=2145"}],"version-history":[{"count":1,"href":"https:\/\/catholicus.eu\/de\/wp-json\/wp\/v2\/posts\/2145\/revisions"}],"predecessor-version":[{"id":2147,"href":"https:\/\/catholicus.eu\/de\/wp-json\/wp\/v2\/posts\/2145\/revisions\/2147"}],"wp:featuredmedia":[{"embeddable":true,"href":"https:\/\/catholicus.eu\/de\/wp-json\/wp\/v2\/media\/2146"}],"wp:attachment":[{"href":"https:\/\/catholicus.eu\/de\/wp-json\/wp\/v2\/media?parent=2145"}],"wp:term":[{"taxonomy":"category","embeddable":true,"href":"https:\/\/catholicus.eu\/de\/wp-json\/wp\/v2\/categories?post=2145"},{"taxonomy":"post_tag","embeddable":true,"href":"https:\/\/catholicus.eu\/de\/wp-json\/wp\/v2\/tags?post=2145"}],"curies":[{"name":"wp","href":"https:\/\/api.w.org\/{rel}","templated":true}]}}