{"id":2009,"date":"2025-02-04T12:24:24","date_gmt":"2025-02-04T11:24:24","guid":{"rendered":"https:\/\/catholicus.eu\/de\/?p=2009"},"modified":"2025-02-04T12:24:24","modified_gmt":"2025-02-04T11:24:24","slug":"die-soziale-suende-wie-beeinflussen-unsere-handlungen-die-gesamte-gemeinschaft","status":"publish","type":"post","link":"https:\/\/catholicus.eu\/de\/die-soziale-suende-wie-beeinflussen-unsere-handlungen-die-gesamte-gemeinschaft\/","title":{"rendered":"Die \u201eSoziale S\u00fcnde\u201c: Wie beeinflussen unsere Handlungen die gesamte Gemeinschaft?"},"content":{"rendered":"\n<p>In unserer individualistischen Gesellschaft denken wir oft, dass S\u00fcnde etwas rein Pers\u00f6nliches ist \u2013 eine Schuld zwischen der Seele und Gott. Doch die katholische Lehre zeigt uns, dass S\u00fcnde auch eine soziale Dimension hat: Sie beeinflusst die gesamte Gemeinschaft und schw\u00e4cht die Bande der Liebe und Gerechtigkeit zwischen den Menschen. Dieses Konzept, bekannt als <strong>soziale S\u00fcnde<\/strong>, l\u00e4dt uns dazu ein, \u00fcber unsere Verantwortung f\u00fcreinander nachzudenken und dar\u00fcber, wie unsere individuellen Entscheidungen entweder zum Gemeinwohl oder zum Unrecht beitragen k\u00f6nnen.<\/p>\n\n\n\n<h2 class=\"wp-block-heading\"><strong>Was ist soziale S\u00fcnde?<\/strong><\/h2>\n\n\n\n<p>Die soziale S\u00fcnde ist keine eigene S\u00fcndenart, sondern vielmehr die kollektive Auswirkung individueller S\u00fcnden. Der heilige Johannes Paul II. erkl\u00e4rte dies deutlich in seiner apostolischen Ermahnung <em>Reconciliatio et Paenitentia<\/em> (1984):<\/p>\n\n\n\n<blockquote class=\"wp-block-quote is-layout-flow wp-block-quote-is-layout-flow\">\n<p>\u201eDie Wirklichkeit der sozialen S\u00fcnde, in ihrem eigentlichen und wahren Sinn, besteht darin, dass der Mensch mit seinen Entscheidungen und Handlungen anderen Menschen, der Gemeinschaft und der ganzen Gesellschaft Schaden zuf\u00fcgen kann.\u201c<\/p>\n<\/blockquote>\n\n\n\n<p>Jede S\u00fcnde hat Auswirkungen, die \u00fcber die Person hinausgehen, die sie begeht. So wie Tugend und Liebe in der Gemeinschaft Fr\u00fcchte tragen, bringt die S\u00fcnde Chaos, Leid und Unordnung mit sich. Nehmen wir das Beispiel der Korruption: Wenn ein Politiker Bestechungsgelder annimmt, betrifft seine S\u00fcnde nicht nur ihn selbst, sondern die gesamte Gesellschaft, indem sie Ungerechtigkeit und Armut verursacht.<\/p>\n\n\n\n<h2 class=\"wp-block-heading\"><strong>Biblische Grundlagen der sozialen S\u00fcnde<\/strong><\/h2>\n\n\n\n<p>Die Heilige Schrift zeigt uns, dass Gott nicht nur individuelle S\u00fcnden richtet, sondern auch jene, die die gesamte Gemeinschaft betreffen. Im Alten Testament finden wir Geschichten, in denen der Ungehorsam weniger Menschen das Ungl\u00fcck vieler nach sich zieht. Ein klares Beispiel ist die Geschichte von Achan im Buch Josua:<\/p>\n\n\n\n<blockquote class=\"wp-block-quote is-layout-flow wp-block-quote-is-layout-flow\">\n<p>\u201eIsrael hat ges\u00fcndigt; sie haben meinen Bund \u00fcbertreten, den ich ihnen geboten habe. Sie haben von dem Gebannten genommen, gestohlen, es verheimlicht und zu ihren eigenen Sachen gelegt.\u201c (Josua 7,11)<\/p>\n<\/blockquote>\n\n\n\n<p>Achan nahm Dinge, die Gott verboten hatte, und infolgedessen erlitt Israel eine Niederlage in der Schlacht. Diese Geschichte lehrt uns, dass S\u00fcnde keine isolierte Tat ist, sondern Auswirkungen auf die gesamte Gemeinschaft hat.<\/p>\n\n\n\n<p>Im Neuen Testament erinnert uns der heilige Paulus an die Verbundenheit des Leibes Christi:<\/p>\n\n\n\n<blockquote class=\"wp-block-quote is-layout-flow wp-block-quote-is-layout-flow\">\n<p>\u201eWenn darum ein Glied leidet, leiden alle Glieder mit; wenn ein Glied geehrt wird, freuen sich alle Glieder mit.\u201c (1 Korinther 12,26)<\/p>\n<\/blockquote>\n\n\n\n<p>Diese Lehre hilft uns zu verstehen, dass unsere Handlungen Auswirkungen auf andere haben \u2013 sowohl in der S\u00fcnde als auch in der Gnade. Eine Ungerechtigkeit oder Gleichg\u00fcltigkeit gegen\u00fcber den Armen betrifft nicht nur das unmittelbare Opfer, sondern korrumpiert auch die Gesellschaft und verh\u00e4rtet die Herzen.<\/p>\n\n\n\n<h2 class=\"wp-block-heading\"><strong>Moderne Formen der sozialen S\u00fcnde<\/strong><\/h2>\n\n\n\n<p>In unserer Zeit manifestiert sich die soziale S\u00fcnde in vielen Formen. Hier sind einige der auff\u00e4lligsten:<\/p>\n\n\n\n<h3 class=\"wp-block-heading\"><strong>1. Gleichg\u00fcltigkeit gegen\u00fcber Armut und Ungerechtigkeit<\/strong><\/h3>\n\n\n\n<p>Wenn wir die Bed\u00fcrfnisse der Schw\u00e4chsten ignorieren oder Ungleichheit rechtfertigen, tragen wir zu einem ungerechten System bei. Das Gleichnis vom reichen Mann und dem armen Lazarus (Lk 16,19-31) ist eine eindringliche Erinnerung an die soziale Verantwortung jedes Einzelnen.<\/p>\n\n\n\n<h3 class=\"wp-block-heading\"><strong>2. Die Wegwerfkultur<\/strong><\/h3>\n\n\n\n<p>Papst Franziskus prangert immer wieder die \u201eWegwerfkultur\u201c an, in der \u00e4ltere Menschen, ungeborene Kinder, Kranke und Ausgegrenzte als nutzlos betrachtet werden. Dies ist eine soziale S\u00fcnde, weil sie die angeborene W\u00fcrde jedes Menschen leugnet, der nach dem Bild Gottes geschaffen wurde (Genesis 1,27).<\/p>\n\n\n\n<h3 class=\"wp-block-heading\"><strong>3. Korruption und Unehrlichkeit<\/strong><\/h3>\n\n\n\n<p>Wenn wir Korruption zulassen oder daran teilnehmen, untergraben wir das Vertrauen in Institutionen und f\u00f6rdern eine Atmosph\u00e4re der Straflosigkeit. Die Schrift verurteilt klar die Ungerechtigkeit der M\u00e4chtigen:<\/p>\n\n\n\n<blockquote class=\"wp-block-quote is-layout-flow wp-block-quote-is-layout-flow\">\n<p>\u201eDu sollst das Recht nicht beugen; du sollst die Person nicht ansehen und keine Bestechung annehmen; denn Bestechung macht die Augen der Weisen blind und verkehrt die Sache der Gerechten.\u201c (Deuteronomium 16,19)<\/p>\n<\/blockquote>\n\n\n\n<h3 class=\"wp-block-heading\"><strong>4. Zerst\u00f6rung der Familie<\/strong><\/h3>\n\n\n\n<p>Die Familie ist die grundlegende Zelle der Gesellschaft. Angriffe gegen sie \u2013 sei es durch die F\u00f6rderung von Ideologien, die die Ehe entstellen, oder durch Verantwortungslosigkeit im h\u00e4uslichen Umfeld \u2013 f\u00fchren zu moralischen Krisen, die ganze Generationen betreffen.<\/p>\n\n\n\n<h3 class=\"wp-block-heading\"><strong>5. Zerst\u00f6rung der Umwelt<\/strong><\/h3>\n\n\n\n<p>\u00d6kologische Sch\u00e4den sind ebenfalls eine soziale S\u00fcnde, da sie nicht nur diejenigen betreffen, die heute darunter leiden, sondern auch zuk\u00fcnftige Generationen. Gott hat uns die Sch\u00f6pfung anvertraut, damit wir sie bewahren und nicht r\u00fccksichtslos ausbeuten (Genesis 2,15).<\/p>\n\n\n\n<h2 class=\"wp-block-heading\"><strong>Wie bek\u00e4mpft man die soziale S\u00fcnde?<\/strong><\/h2>\n\n\n\n<p>Die L\u00f6sung f\u00fcr die soziale S\u00fcnde besteht nicht nur darin, sie zu vermeiden, sondern auch aktiv f\u00fcr Gerechtigkeit und N\u00e4chstenliebe auf allen Ebenen zu arbeiten. Hier sind einige konkrete Ma\u00dfnahmen:<\/p>\n\n\n\n<ol class=\"wp-block-list\">\n<li><strong>Gemeinschaftliche Gewissenserforschung:<\/strong> Wir sollten nicht nur unsere pers\u00f6nlichen S\u00fcnden pr\u00fcfen, sondern uns auch fragen, inwiefern wir zu s\u00fcndhaften Strukturen in unserer Gesellschaft beitragen.<\/li>\n\n\n\n<li><strong>Engagement f\u00fcr Gerechtigkeit und N\u00e4chstenliebe:<\/strong> Almosen, ehrenamtliche Arbeit und der Einsatz f\u00fcr die Rechte der Schw\u00e4chsten sind Wege, sich gegen die soziale S\u00fcnde zu stellen.<\/li>\n\n\n\n<li><strong>Bildung und Schulung in der Soziallehre der Kirche:<\/strong> Wer die Lehre der Kirche zu Themen wie Menschenw\u00fcrde, Wirtschaft und \u00d6kologie kennt, kann seine Handlungen besser unterscheiden.<\/li>\n\n\n\n<li><strong>Sakramentales Leben und Gebet:<\/strong> Die Eucharistie und die Beichte heilen uns nicht nur individuell, sondern st\u00e4rken uns auch, um ein Leben zu f\u00fchren, das die Welt nach Gottes Willen ver\u00e4ndert.<\/li>\n<\/ol>\n\n\n\n<h2 class=\"wp-block-heading\"><strong>Fazit<\/strong><\/h2>\n\n\n\n<p>Die soziale S\u00fcnde erinnert uns daran, dass wir keine isolierten Individuen sind, sondern Mitglieder einer vernetzten Gemeinschaft. Jede s\u00fcndhafte Tat sch\u00e4digt das soziale Gef\u00fcge, doch jede Tugend baut es wieder auf. Als Christen sind wir aufgerufen, Licht der Welt zu sein (Matth\u00e4us 5,14), Ungerechtigkeit anzuprangern und Liebe und Wahrheit zu f\u00f6rdern.<\/p>\n\n\n\n<p>M\u00f6gen wir mit dem Bewusstsein leben, dass unsere Handlungen andere beeinflussen, und m\u00f6gen wir mit Gottes Gnade Werkzeuge des Wandels in unserer Gesellschaft sein.<\/p>\n","protected":false},"excerpt":{"rendered":"<p>In unserer individualistischen Gesellschaft denken wir oft, dass S\u00fcnde etwas rein Pers\u00f6nliches ist \u2013 eine Schuld zwischen der Seele und Gott. Doch die katholische Lehre zeigt uns, dass S\u00fcnde auch eine soziale Dimension hat: Sie beeinflusst die gesamte Gemeinschaft und schw\u00e4cht die Bande der Liebe und Gerechtigkeit zwischen den Menschen. Dieses Konzept, bekannt als soziale &hellip;<\/p>\n","protected":false},"author":3,"featured_media":2010,"comment_status":"open","ping_status":"open","sticky":false,"template":"","format":"standard","meta":{"_seopress_robots_primary_cat":"","_seopress_titles_title":"","_seopress_titles_desc":"","_seopress_robots_index":"","footnotes":""},"categories":[41,66],"tags":[560],"class_list":["post-2009","post","type-post","status-publish","format-standard","has-post-thumbnail","","category-glaube-und-kultur","category-populaerkultur-und-katholizismus","tag-soziale-suende"],"_links":{"self":[{"href":"https:\/\/catholicus.eu\/de\/wp-json\/wp\/v2\/posts\/2009","targetHints":{"allow":["GET"]}}],"collection":[{"href":"https:\/\/catholicus.eu\/de\/wp-json\/wp\/v2\/posts"}],"about":[{"href":"https:\/\/catholicus.eu\/de\/wp-json\/wp\/v2\/types\/post"}],"author":[{"embeddable":true,"href":"https:\/\/catholicus.eu\/de\/wp-json\/wp\/v2\/users\/3"}],"replies":[{"embeddable":true,"href":"https:\/\/catholicus.eu\/de\/wp-json\/wp\/v2\/comments?post=2009"}],"version-history":[{"count":1,"href":"https:\/\/catholicus.eu\/de\/wp-json\/wp\/v2\/posts\/2009\/revisions"}],"predecessor-version":[{"id":2011,"href":"https:\/\/catholicus.eu\/de\/wp-json\/wp\/v2\/posts\/2009\/revisions\/2011"}],"wp:featuredmedia":[{"embeddable":true,"href":"https:\/\/catholicus.eu\/de\/wp-json\/wp\/v2\/media\/2010"}],"wp:attachment":[{"href":"https:\/\/catholicus.eu\/de\/wp-json\/wp\/v2\/media?parent=2009"}],"wp:term":[{"taxonomy":"category","embeddable":true,"href":"https:\/\/catholicus.eu\/de\/wp-json\/wp\/v2\/categories?post=2009"},{"taxonomy":"post_tag","embeddable":true,"href":"https:\/\/catholicus.eu\/de\/wp-json\/wp\/v2\/tags?post=2009"}],"curies":[{"name":"wp","href":"https:\/\/api.w.org\/{rel}","templated":true}]}}