{"id":1979,"date":"2025-02-02T14:41:57","date_gmt":"2025-02-02T13:41:57","guid":{"rendered":"https:\/\/catholicus.eu\/de\/?p=1979"},"modified":"2025-02-02T14:41:57","modified_gmt":"2025-02-02T13:41:57","slug":"sensus-fidei-wie-das-volk-gottes-die-geoffenbarte-wahrheit-wahrnimmt","status":"publish","type":"post","link":"https:\/\/catholicus.eu\/de\/sensus-fidei-wie-das-volk-gottes-die-geoffenbarte-wahrheit-wahrnimmt\/","title":{"rendered":"Sensus Fidei: Wie das Volk Gottes die geoffenbarte Wahrheit wahrnimmt"},"content":{"rendered":"\n<p>In der reichen Tradition der katholischen Kirche gibt es ein Konzept, das oft missverstanden wird, aber eine grundlegende Rolle im Glaubensleben spielt: <em>sensus fidei<\/em>. Dieser lateinische Ausdruck, der mit \u201eSinn des Glaubens\u201c \u00fcbersetzt wird, bezeichnet die \u00fcbernat\u00fcrliche F\u00e4higkeit, die das Volk Gottes besitzt, um die geoffenbarte Wahrheit zu erkennen und anzunehmen. Doch was bedeutet das konkret? Wie steht es im Verh\u00e4ltnis zur Autorit\u00e4t der Kirche? Und vor allem: Welche Bedeutung hat es f\u00fcr die Gl\u00e4ubigen heute?<\/p>\n\n\n\n<p>Begleiten Sie uns auf dieser Reise durch die Lehre vom <em>sensus fidei<\/em>, ihre biblischen und theologischen Grundlagen, ihre Rolle in der Geschichte der Kirche und ihre Relevanz f\u00fcr unser heutiges Glaubensleben.<\/p>\n\n\n\n<hr class=\"wp-block-separator has-alpha-channel-opacity\"\/>\n\n\n\n<h2 class=\"wp-block-heading\">1. Was ist der <em>Sensus Fidei<\/em>?<\/h2>\n\n\n\n<p>Der <em>sensus fidei<\/em> ist eine Gabe des Heiligen Geistes, die dem gesamten Volk Gottes gegeben wird, damit es die Wahrheit des Glaubens erkennt und in ihr fest verankert bleibt. Es handelt sich um eine Art \u201espirituelle Intuition\u201c, eine tiefe und instinktive Wahrnehmung der christlichen Wahrheit, die aus der Teilhabe am Leben der Kirche und der Treue zu ihrer Lehre entsteht.<\/p>\n\n\n\n<p>Das Zweite Vatikanische Konzil beschreibt diese Gabe in der Konstitution <em>Lumen Gentium<\/em> klar und deutlich:<\/p>\n\n\n\n<blockquote class=\"wp-block-quote is-layout-flow wp-block-quote-is-layout-flow\">\n<p>\u201eDie Gesamtheit der Gl\u00e4ubigen, die die Salbung von dem Heiligen empfangen haben (vgl. 1 Joh 2,20.27), kann im Glauben nicht irren. Diese ihre besondere Eigenschaft offenbart sich durch den \u00fcbernat\u00fcrlichen Glaubenssinn (<em>sensus fidei<\/em>) des ganzen Volkes, wenn es \u201avon den Bisch\u00f6fen bis zu den letzten Gl\u00e4ubigen\u2018 in Glaubens- und Sittenfragen eine einm\u00fctige Zustimmung zeigt\u201c (<em>Lumen Gentium<\/em>, 12).<\/p>\n<\/blockquote>\n\n\n\n<p>Dieser Glaubenssinn ist kein blo\u00dfes subjektives Gef\u00fchl oder eine pers\u00f6nliche Meinung \u00fcber die Lehre, sondern eine Gemeinschaft mit der Wahrheit, die von der Kirche \u00fcberliefert wurde und in Treue zu Christus gelebt wird.<\/p>\n\n\n\n<hr class=\"wp-block-separator has-alpha-channel-opacity\"\/>\n\n\n\n<h2 class=\"wp-block-heading\">2. Biblische und Theologische Grundlagen<\/h2>\n\n\n\n<p>Der <em>sensus fidei<\/em> hat seine Wurzeln in der Heiligen Schrift. Jesus versprach seinen J\u00fcngern, dass der Heilige Geist sie in alle Wahrheit f\u00fchren werde (vgl. Joh 16,13). Ebenso lehrt der heilige Paulus, dass Christen als Glieder des Leibes Christi an Gottes Weisheit teilhaben und Tempel des Heiligen Geistes sind (vgl. 1 Kor 2,10-16).<\/p>\n\n\n\n<p>Auch die Kirchenv\u00e4ter betonten die Bedeutung des Glaubens des christlichen Volkes. Der heilige Augustinus sprach von der <em>fides totius Ecclesiae<\/em> (dem Glauben der ganzen Kirche) und hob hervor, dass die Wahrheit des Glaubens nicht wenigen geh\u00f6rt, sondern von der gesamten Gemeinschaft der Gl\u00e4ubigen getragen wird.<\/p>\n\n\n\n<p>Theologisch ist der <em>sensus fidei<\/em> eng mit der Unfehlbarkeit der Kirche verbunden. Die katholische Lehre bekr\u00e4ftigt, dass die Kirche als Ganzes in Fragen des Glaubens und der Moral nicht irren kann, weil Christus selbst sie sch\u00fctzt und leitet. Dies bedeutet nicht, dass jeder einzelne Gl\u00e4ubige unfehlbar ist, sondern dass das gesamte Volk Gottes, wenn es in Treue zur Tradition und zum Lehramt bleibt, nicht von der Wahrheit abweicht.<\/p>\n\n\n\n<hr class=\"wp-block-separator has-alpha-channel-opacity\"\/>\n\n\n\n<h2 class=\"wp-block-heading\">3. <em>Sensus Fidei<\/em> und Lehramt: Wie erg\u00e4nzen sie sich?<\/h2>\n\n\n\n<p>Einer der wichtigsten Aspekte des <em>sensus fidei<\/em> ist sein Verh\u00e4ltnis zum Lehramt der Kirche \u2013 also zur Lehrvollmacht, die vom Papst und den mit ihm verbundenen Bisch\u00f6fen ausge\u00fcbt wird. Diese beiden Realit\u00e4ten stehen nicht im Gegensatz zueinander, sondern erg\u00e4nzen sich gegenseitig.<\/p>\n\n\n\n<p>Das Lehramt hat die Aufgabe, das Wort Gottes authentisch zu interpretieren, sei es in der Heiligen Schrift oder in der \u00dcberlieferung. Der <em>sensus fidei<\/em> erm\u00f6glicht es jedoch dem gesamten Volk Gottes, diese Lehre zu erkennen und mit offenem Herzen anzunehmen.<\/p>\n\n\n\n<p>Dies wurde in wichtigen Momenten der Kirchengeschichte deutlich, etwa bei der Verk\u00fcndigung des Dogmas der Unbefleckten Empf\u00e4ngnis im Jahr 1854 und der Aufnahme Mariens in den Himmel im Jahr 1950. Schon bevor diese Dogmen offiziell verk\u00fcndet wurden, waren sie bereits tief im Glauben des christlichen Volkes verwurzelt, was dem Lehramt best\u00e4tigte, dass es sich um geoffenbarte Wahrheiten handelte.<\/p>\n\n\n\n<hr class=\"wp-block-separator has-alpha-channel-opacity\"\/>\n\n\n\n<h2 class=\"wp-block-heading\">4. Den <em>Sensus Fidei<\/em> in der heutigen Welt leben<\/h2>\n\n\n\n<p>In unserer Zeit, die von Relativismus und doktrin\u00e4rer Verwirrung gepr\u00e4gt ist, ist der <em>sensus fidei<\/em> notwendiger denn je. Christen sind aufgerufen, diese Gabe zu pflegen und die Wahrheit inmitten vieler widerspr\u00fcchlicher Stimmen zu erkennen. Doch wie kann man diesen Glaubenssinn im Alltag entwickeln?<\/p>\n\n\n\n<h3 class=\"wp-block-heading\">a) Sakramentales Leben und Gebet<\/h3>\n\n\n\n<p>Der <em>sensus fidei<\/em> ist kein blo\u00dfer nat\u00fcrlicher Instinkt, sondern eine Gabe des Heiligen Geistes, die w\u00e4chst, wenn wir im Stand der Gnade leben. Die Teilnahme an der Eucharistie, die regelm\u00e4\u00dfige Beichte und das Gebet helfen uns, uns auf Gottes Wahrheit einzustimmen.<\/p>\n\n\n\n<h3 class=\"wp-block-heading\">b) Treue zur Tradition und zum Lehramt<\/h3>\n\n\n\n<p>Damit der <em>sensus fidei<\/em> authentisch ist, muss er in Gemeinschaft mit der best\u00e4ndigen Lehre der Kirche stehen. Es geht nicht darum, theologischen oder ideologischen Trends zu folgen, sondern darum, dem Glauben treu zu bleiben, der von den Aposteln \u00fcberliefert wurde.<\/p>\n\n\n\n<h3 class=\"wp-block-heading\">c) Fortw\u00e4hrende Glaubensbildung<\/h3>\n\n\n\n<p>Ein Katholik, der seinen Glauben vertieft leben m\u00f6chte, muss sich kontinuierlich weiterbilden. Das Lesen der Heiligen Schrift, das Studium des Katechismus der Katholischen Kirche und die Besch\u00e4ftigung mit dem Leben der Heiligen sind konkrete Wege, um einen soliden <em>sensus fidei<\/em> zu entwickeln.<\/p>\n\n\n\n<h3 class=\"wp-block-heading\">d) Gemeinschaftliches Glaubensleben<\/h3>\n\n\n\n<p>Der Glaube ist kein isolierter Akt, sondern w\u00e4chst in der Gemeinschaft. Das Zuh\u00f6ren anderer Gl\u00e4ubiger, der Austausch in Pfarrgruppen und die aktive Teilnahme am Leben der Kirche helfen uns, das Wirken des Heiligen Geistes klarer zu erkennen.<\/p>\n\n\n\n<hr class=\"wp-block-separator has-alpha-channel-opacity\"\/>\n\n\n\n<h2 class=\"wp-block-heading\">5. Ein Aufruf zur Treue<\/h2>\n\n\n\n<p>In Zeiten der Verwirrung ist der <em>sensus fidei<\/em> ein verl\u00e4sslicher Kompass, der uns hilft, fest im Glauben zu bleiben. Er ist keine Ausrede, um die Autorit\u00e4t der Kirche abzulehnen oder pers\u00f6nliche Meinungen zu propagieren, sondern eine Einladung, den Glauben mit Authentizit\u00e4t und Tiefe zu leben.<\/p>\n\n\n\n<p>M\u00f6ge der Heilige Geist uns einen lebendigen <em>sensus fidei<\/em> schenken, der uns bef\u00e4higt, die geoffenbarte Wahrheit mit Liebe und Treue zu erkennen und anzunehmen. Und m\u00f6ge das Volk Gottes stets in Gemeinschaft mit der Kirche bleiben und mit seinem Leben die Sch\u00f6nheit des katholischen Glaubens bezeugen.<\/p>\n\n\n\n<h3 class=\"wp-block-heading\"><em>\u201eHerr, erleuchte unseren Geist und unser Herz, damit wir durch die Gabe deines Geistes stets deine Wahrheit erkennen und in ihr wandeln. Amen.\u201c<\/em><\/h3>\n","protected":false},"excerpt":{"rendered":"<p>In der reichen Tradition der katholischen Kirche gibt es ein Konzept, das oft missverstanden wird, aber eine grundlegende Rolle im Glaubensleben spielt: sensus fidei. Dieser lateinische Ausdruck, der mit \u201eSinn des Glaubens\u201c \u00fcbersetzt wird, bezeichnet die \u00fcbernat\u00fcrliche F\u00e4higkeit, die das Volk Gottes besitzt, um die geoffenbarte Wahrheit zu erkennen und anzunehmen. Doch was bedeutet das &hellip;<\/p>\n","protected":false},"author":3,"featured_media":1980,"comment_status":"open","ping_status":"open","sticky":false,"template":"","format":"standard","meta":{"_seopress_robots_primary_cat":"","_seopress_titles_title":"","_seopress_titles_desc":"","_seopress_robots_index":"","footnotes":""},"categories":[57,39],"tags":[548],"class_list":["post-1979","post","type-post","status-publish","format-standard","has-post-thumbnail","","category-christliche-tugenden","category-moral-und-christliches-leben","tag-sensus-fidei"],"_links":{"self":[{"href":"https:\/\/catholicus.eu\/de\/wp-json\/wp\/v2\/posts\/1979","targetHints":{"allow":["GET"]}}],"collection":[{"href":"https:\/\/catholicus.eu\/de\/wp-json\/wp\/v2\/posts"}],"about":[{"href":"https:\/\/catholicus.eu\/de\/wp-json\/wp\/v2\/types\/post"}],"author":[{"embeddable":true,"href":"https:\/\/catholicus.eu\/de\/wp-json\/wp\/v2\/users\/3"}],"replies":[{"embeddable":true,"href":"https:\/\/catholicus.eu\/de\/wp-json\/wp\/v2\/comments?post=1979"}],"version-history":[{"count":1,"href":"https:\/\/catholicus.eu\/de\/wp-json\/wp\/v2\/posts\/1979\/revisions"}],"predecessor-version":[{"id":1981,"href":"https:\/\/catholicus.eu\/de\/wp-json\/wp\/v2\/posts\/1979\/revisions\/1981"}],"wp:featuredmedia":[{"embeddable":true,"href":"https:\/\/catholicus.eu\/de\/wp-json\/wp\/v2\/media\/1980"}],"wp:attachment":[{"href":"https:\/\/catholicus.eu\/de\/wp-json\/wp\/v2\/media?parent=1979"}],"wp:term":[{"taxonomy":"category","embeddable":true,"href":"https:\/\/catholicus.eu\/de\/wp-json\/wp\/v2\/categories?post=1979"},{"taxonomy":"post_tag","embeddable":true,"href":"https:\/\/catholicus.eu\/de\/wp-json\/wp\/v2\/tags?post=1979"}],"curies":[{"name":"wp","href":"https:\/\/api.w.org\/{rel}","templated":true}]}}