{"id":1936,"date":"2025-01-29T16:58:05","date_gmt":"2025-01-29T15:58:05","guid":{"rendered":"https:\/\/catholicus.eu\/de\/?p=1936"},"modified":"2025-01-29T16:58:05","modified_gmt":"2025-01-29T15:58:05","slug":"sedevakantismus-erklaert-ist-er-eine-legitime-antwort-auf-die-krise-in-der-kirche","status":"publish","type":"post","link":"https:\/\/catholicus.eu\/de\/sedevakantismus-erklaert-ist-er-eine-legitime-antwort-auf-die-krise-in-der-kirche\/","title":{"rendered":"Sedevakantismus erkl\u00e4rt: Ist er eine legitime Antwort auf die Krise in der Kirche?"},"content":{"rendered":"\n<p>Die katholische Kirche hat im Laufe ihrer Geschichte zahlreiche Krisen durchlebt, aber nur wenige waren so tiefgreifend und polarisierend wie die aktuelle. In diesem Zusammenhang ist der Sedevakantismus als eine Position entstanden, die auf die scheinbare Abweichung vom Glauben und der kirchlichen Autorit\u00e4t nach dem Zweiten Vatikanischen Konzil reagiert. Doch ist diese Position legitim? H\u00e4lt sie einer theologischen Pr\u00fcfung stand? Und vor allem: Welche Auswirkungen hat sie auf das spirituelle Leben der Katholiken? In diesem Artikel werden wir den Sedevakantismus eingehend untersuchen \u2013 seine Grundlagen, Herausforderungen und wie ein gl\u00e4ubiger Katholik auf die Kirchenkrise reagieren sollte, ohne sich von der von Christus offenbarten Wahrheit zu entfernen.<\/p>\n\n\n\n<h2 class=\"wp-block-heading\">1. Was ist Sedevakantismus?<\/h2>\n\n\n\n<p>Der Begriff \u201eSedevakantismus\u201c stammt aus dem Lateinischen <em>sede vacante<\/em> und bedeutet \u201eleerer Stuhl\u201c. In einem kirchlichen Kontext bezeichnet er die Zeitspanne, in der der Apostolische Stuhl von Rom keinen legitimen Papst hat, beispielsweise zwischen dem Tod eines Pontifex und der Wahl seines Nachfolgers. Die Sedevakantisten behaupten jedoch, dass der Stuhl Petri nicht wegen des Todes eines Papstes vakant sei, sondern weil sie die nachkonziliaren P\u00e4pste \u2013 beginnend mit Johannes XXIII. oder Paul VI., je nach Str\u00f6mung \u2013 f\u00fcr illegitim halten.<\/p>\n\n\n\n<p>Das Hauptargument des Sedevakantismus ist, dass die durch das Zweite Vatikanische Konzil eingef\u00fchrten Ver\u00e4nderungen, wie die Liturgiereform, die \u00d6kumene und die Kollegialit\u00e4t der Bisch\u00f6fe, zu einer Glaubenskrise und einem Bruch mit der traditionellen katholischen Lehre gef\u00fchrt haben. F\u00fcr Sedevakantisten sind die P\u00e4pste, die diese Reformen vorangetrieben haben, in H\u00e4resie gefallen und haben daher automatisch ihre Autorit\u00e4t verloren, wodurch der Stuhl Petri vakant bleibt.<\/p>\n\n\n\n<h2 class=\"wp-block-heading\">2. Theologische Grundlagen des Sedevakantismus<\/h2>\n\n\n\n<p>Der Sedevakantismus beruht auf mehreren theologischen Pr\u00e4missen, von denen viele auf der traditionellen Lehre der Kirche \u00fcber H\u00e4resie und p\u00e4pstliche Autorit\u00e4t basieren. Die wichtigsten sind:<\/p>\n\n\n\n<h3 class=\"wp-block-heading\">a) Die Unm\u00f6glichkeit eines h\u00e4retischen Papstes<\/h3>\n\n\n\n<p>Eines der am h\u00e4ufigsten angef\u00fchrten Argumente der Sedevakantisten ist, dass ein Papst nicht in formelle H\u00e4resie fallen und dennoch ein echter Papst bleiben kann. Sie st\u00fctzen sich auf die Lehren von Theologen wie dem hl. Robert Bellarmin, der behauptete, dass ein H\u00e4retiker automatisch seine Jurisdiktion in der Kirche verliert. Nach dieser Logik sind die nachkonziliaren P\u00e4pste, wenn sie Lehren verbreitet haben, die dem Glauben widersprechen (wie die moderne \u00d6kumene oder die Religionsfreiheit), keine legitimen P\u00e4pste mehr.<\/p>\n\n\n\n<h3 class=\"wp-block-heading\">b) Die Unfehlbarkeit der Kirche<\/h3>\n\n\n\n<p>Die Sedevakantisten argumentieren, dass die Kirche unfehlbar ist, d. h., dass sie ihre Lehre nicht grundlegend \u00e4ndern oder in Irrtum fallen kann. Da sie die Reformen des Zweiten Vatikanischen Konzils als doktrin\u00e4re Abweichungen interpretieren, schlie\u00dfen sie daraus, dass die sichtbare Kirche von Eindringlingen besetzt wurde und dass das wahre katholische Christentum nur in kleinen Gruppen fortbesteht, die der Tradition treu geblieben sind.<\/p>\n\n\n\n<h3 class=\"wp-block-heading\">c) Das Lehramt und die Tradition<\/h3>\n\n\n\n<p>F\u00fcr Sedevakantisten muss das Lehramt der Kirche in v\u00f6lliger Kontinuit\u00e4t mit der Vergangenheit stehen. Wenn ein Papst etwas lehrt, das der traditionellen Lehre widerspricht, verliert er seine Legitimit\u00e4t. Sie verweisen auf vorkonziliare Enzykliken wie <em>Quanta Cura<\/em> und <em>Syllabus Errorum<\/em> von Pius IX., um zu zeigen, dass moderne Lehren \u00fcber Religionsfreiheit und \u00d6kumene der vorherigen Doktrin widersprechen.<\/p>\n\n\n\n<h2 class=\"wp-block-heading\">3. Einw\u00e4nde gegen den Sedevakantismus<\/h2>\n\n\n\n<p>Trotz seiner theologischen Grundlagen st\u00f6\u00dft der Sedevakantismus sowohl aus katholischer Sicht als auch aus gesundem Menschenverstand auf ernsthafte Einw\u00e4nde.<\/p>\n\n\n\n<h3 class=\"wp-block-heading\">a) Die Sichtbarkeit der Kirche<\/h3>\n\n\n\n<p>Christus versprach, dass seine Kirche bis zum Ende der Zeit bestehen w\u00fcrde (Mt 16,18). Der Sedevakantismus, der die Legitimit\u00e4t aller P\u00e4pste seit dem Zweiten Vatikanischen Konzil bestreitet, steht vor dem Problem der apostolischen Kontinuit\u00e4t. Wenn die sichtbare Kirche verschwunden ist oder in Apostasie gefallen ist, wo befindet sich dann die legitime Autorit\u00e4t Christi auf Erden?<\/p>\n\n\n\n<h3 class=\"wp-block-heading\">b) Ein Missverst\u00e4ndnis der Unfehlbarkeit<\/h3>\n\n\n\n<p>Die Unfehlbarkeit der Kirche bedeutet nicht, dass es keine Krisen, disziplinarischen Fehler oder sogar zweideutige Lehren im Lehramt geben kann. Die Geschichte zeigt, dass es P\u00e4pste mit doktrin\u00e4r fragw\u00fcrdigen Tendenzen gab (wie Johannes XXII.), doch die Kirche existierte weiterhin, ohne ihre Identit\u00e4t zu verlieren.<\/p>\n\n\n\n<h3 class=\"wp-block-heading\">c) Schisma und Gehorsam<\/h3>\n\n\n\n<p>Der Sedevakantismus f\u00fchrt unweigerlich zum Schisma, d. h. zur Trennung von der Gemeinschaft mit dem Papst und der legitimen Hierarchie. Die Kirche hat eine schismatische Haltung wiederholt verurteilt und daran erinnert, dass ein Papst, auch wenn er ein schlechter Regent ist, dennoch das sichtbare Oberhaupt der Kirche bleibt (Katechismus der Katholischen Kirche, 882).<\/p>\n\n\n\n<h2 class=\"wp-block-heading\">4. Wie sollte ein Katholik auf die aktuelle Krise reagieren?<\/h2>\n\n\n\n<p>Die Krise in der Kirche ist unbestreitbar, aber der Sedevakantismus ist nicht die Antwort. Statt eine radikale Haltung einzunehmen, sollten Katholiken fest im Glauben bleiben, beten und die Lehre studieren, um die Wahrheit zu erkennen, ohne in Extreme zu verfallen. Konkrete Ma\u00dfnahmen k\u00f6nnen sein:<\/p>\n\n\n\n<h3 class=\"wp-block-heading\">a) Vertiefung der doktrin\u00e4ren Bildung<\/h3>\n\n\n\n<p>Es ist unerl\u00e4sslich, die Lehren der Kirche zu kennen, um sich nicht von einseitigen oder alarmistischen Sichtweisen in die Irre f\u00fchren zu lassen. Das Lesen von Enzykliken, lehramtlichen Dokumenten und des Katechismus hilft, eine ausgewogene Perspektive zu bewahren.<\/p>\n\n\n\n<h3 class=\"wp-block-heading\">b) Treue bewahren, ohne ins Schisma zu fallen<\/h3>\n\n\n\n<p>Ein Katholik kann bestimmte kirchliche Richtlinien oder Entscheidungen hinterfragen, ohne ungehorsam zu werden. Wie der hl. Vinzenz von L\u00e9rins lehrte, wird der wahre Glaube innerhalb der lebendigen Tradition der Kirche bewahrt, ohne die Gemeinschaft mit Rom zu brechen.<\/p>\n\n\n\n<h3 class=\"wp-block-heading\">c) Beten und Opfer f\u00fcr die Kirche bringen<\/h3>\n\n\n\n<p>In Krisenzeiten sollte die Antwort stets pers\u00f6nliche Heiligkeit und das Opfer sein. Christus wird seine Kirche niemals verlassen, und die Gl\u00e4ubigen m\u00fcssen Werkzeuge ihrer Erneuerung von innen heraus sein.<\/p>\n\n\n\n<h2 class=\"wp-block-heading\">5. Fazit<\/h2>\n\n\n\n<p>Der Sedevakantismus ist eine verst\u00e4ndliche Reaktion auf die Verwirrung, die durch die Krise in der Kirche entstanden ist, aber er ist nicht die L\u00f6sung. Die Kirche bleibt die Kirche Christi, auch wenn ihre Hirten Fehler machen k\u00f6nnen. Treue, Gebet und eine vertiefte Studien der Glaubenslehre sind die sichersten Wege, um den Sturm zu \u00fcberstehen, ohne in Schisma oder Verzweiflung zu geraten. Wie der hl. Petrus sagte: \u201eHerr, zu wem sollen wir gehen? Du hast Worte des ewigen Lebens\u201c (Joh 6,68).<\/p>\n","protected":false},"excerpt":{"rendered":"<p>Die katholische Kirche hat im Laufe ihrer Geschichte zahlreiche Krisen durchlebt, aber nur wenige waren so tiefgreifend und polarisierend wie die aktuelle. In diesem Zusammenhang ist der Sedevakantismus als eine Position entstanden, die auf die scheinbare Abweichung vom Glauben und der kirchlichen Autorit\u00e4t nach dem Zweiten Vatikanischen Konzil reagiert. Doch ist diese Position legitim? H\u00e4lt &hellip;<\/p>\n","protected":false},"author":3,"featured_media":1937,"comment_status":"open","ping_status":"open","sticky":false,"template":"","format":"standard","meta":{"_seopress_robots_primary_cat":"","_seopress_titles_title":"","_seopress_titles_desc":"","_seopress_robots_index":"","footnotes":""},"categories":[41,67],"tags":[531],"class_list":["post-1936","post","type-post","status-publish","format-standard","has-post-thumbnail","","category-glaube-und-kultur","category-glaubenszeugnisse","tag-sedevakantismus"],"_links":{"self":[{"href":"https:\/\/catholicus.eu\/de\/wp-json\/wp\/v2\/posts\/1936","targetHints":{"allow":["GET"]}}],"collection":[{"href":"https:\/\/catholicus.eu\/de\/wp-json\/wp\/v2\/posts"}],"about":[{"href":"https:\/\/catholicus.eu\/de\/wp-json\/wp\/v2\/types\/post"}],"author":[{"embeddable":true,"href":"https:\/\/catholicus.eu\/de\/wp-json\/wp\/v2\/users\/3"}],"replies":[{"embeddable":true,"href":"https:\/\/catholicus.eu\/de\/wp-json\/wp\/v2\/comments?post=1936"}],"version-history":[{"count":1,"href":"https:\/\/catholicus.eu\/de\/wp-json\/wp\/v2\/posts\/1936\/revisions"}],"predecessor-version":[{"id":1938,"href":"https:\/\/catholicus.eu\/de\/wp-json\/wp\/v2\/posts\/1936\/revisions\/1938"}],"wp:featuredmedia":[{"embeddable":true,"href":"https:\/\/catholicus.eu\/de\/wp-json\/wp\/v2\/media\/1937"}],"wp:attachment":[{"href":"https:\/\/catholicus.eu\/de\/wp-json\/wp\/v2\/media?parent=1936"}],"wp:term":[{"taxonomy":"category","embeddable":true,"href":"https:\/\/catholicus.eu\/de\/wp-json\/wp\/v2\/categories?post=1936"},{"taxonomy":"post_tag","embeddable":true,"href":"https:\/\/catholicus.eu\/de\/wp-json\/wp\/v2\/tags?post=1936"}],"curies":[{"name":"wp","href":"https:\/\/api.w.org\/{rel}","templated":true}]}}