{"id":1864,"date":"2025-01-21T11:14:06","date_gmt":"2025-01-21T10:14:06","guid":{"rendered":"https:\/\/catholicus.eu\/de\/?p=1864"},"modified":"2025-01-21T11:14:06","modified_gmt":"2025-01-21T10:14:06","slug":"der-zorn-feind-der-seele-oder-transformative-kraft","status":"publish","type":"post","link":"https:\/\/catholicus.eu\/de\/der-zorn-feind-der-seele-oder-transformative-kraft\/","title":{"rendered":"Der Zorn: Feind der Seele oder transformative Kraft?"},"content":{"rendered":"\n<p>Der Zorn ist eine der intensivsten und oft missverstandenen Emotionen, die wir Menschen erleben. Die katholische Tradition z\u00e4hlt ihn zu den sieben Tods\u00fcnden und hebt sein zerst\u00f6rerisches Potenzial hervor, wenn er unkontrolliert bleibt. Doch der Zorn kann auch zu einer positiven Kraft werden, wenn er von der Vernunft geleitet und mit dem Willen Gottes in Einklang gebracht wird. In diesem Artikel werden wir das Thema Zorn aus theologischer Sicht untersuchen, wobei wir besonderes Augenmerk auf die Lehren des heiligen Thomas von Aquin legen. Unser Ziel ist es, einen praktischen Leitfaden bereitzustellen, um diese Emotion zu verstehen, zu transformieren und in eine Tugend umzuwandeln.<\/p>\n\n\n\n<hr class=\"wp-block-separator has-alpha-channel-opacity\"\/>\n\n\n\n<h2 class=\"wp-block-heading\"><strong>1. Die Natur des Zorns nach Thomas von Aquin<\/strong><\/h2>\n\n\n\n<p>Thomas von Aquin definiert den Zorn in seiner monumentalen <em>Summa Theologica<\/em> (II-II, q. 158) als \u201edas Verlangen nach Rache\u201c. F\u00fcr ihn ist der Zorn nicht von Natur aus schlecht; er ist eine Leidenschaft der Seele, die sowohl zum Guten als auch zum B\u00f6sen gelenkt werden kann, je nach Ursache und Ma\u00df.<\/p>\n\n\n\n<p>Thomas unterscheidet drei zentrale Elemente des Zorns:<\/p>\n\n\n\n<ol class=\"wp-block-list\">\n<li><strong>Die Ursache des Zorns:<\/strong> Wenn die Ursache gerecht ist, wie der Schutz der Schwachen oder die Reaktion auf Ungerechtigkeit, kann der Zorn gerechtfertigt sein.<\/li>\n\n\n\n<li><strong>Die Absicht des Zornigen:<\/strong> Wenn das Ziel darin besteht, Ordnung wiederherzustellen, und nicht in \u00fcberm\u00e4\u00dfiger Vergeltung, ist der Zorn moralisch akzeptabel.<\/li>\n\n\n\n<li><strong>Die Intensit\u00e4t der Reaktion:<\/strong> Wenn der Zorn die Grenzen der Vernunft \u00fcberschreitet, wird er zur S\u00fcnde.<\/li>\n<\/ol>\n\n\n\n<p>Thomas lehrt somit, dass der Zorn nicht einfach unterdr\u00fcckt werden sollte, sondern durch die Tugend der Klugheit geleitet und auf gerechte Ziele ausgerichtet werden muss.<\/p>\n\n\n\n<hr class=\"wp-block-separator has-alpha-channel-opacity\"\/>\n\n\n\n<h2 class=\"wp-block-heading\"><strong>2. Der Zorn als Tods\u00fcnde<\/strong><\/h2>\n\n\n\n<p>In der katholischen Tradition z\u00e4hlt der Zorn zu den sieben Tods\u00fcnden, da er zu weiteren S\u00fcnden f\u00fchren kann, wie Gewalt, Groll und der Zerst\u00f6rung von Beziehungen. Der <em>Katechismus der Katholischen Kirche<\/em> (KKK 2302\u20132303) warnt vor ungeordnetem Zorn und beschreibt ihn als \u201eein Racheverlangen, das der Liebe widerspricht\u201c.<\/p>\n\n\n\n<p>Unkontrollierter Zorn kann sich in verschiedenen Formen \u00e4u\u00dfern:<\/p>\n\n\n\n<ul class=\"wp-block-list\">\n<li><strong>Explosiver Zorn:<\/strong> Eine unmittelbare, unkontrollierte Reaktion, die andere verletzen kann.<\/li>\n\n\n\n<li><strong>Unterdr\u00fcckter Zorn:<\/strong> Ein innerer Groll, der Bitterkeit n\u00e4hrt.<\/li>\n\n\n\n<li><strong>Indirekter Zorn:<\/strong> Passiv-aggressive Handlungen, die Kommunikation und Vers\u00f6hnung untergraben.<\/li>\n<\/ul>\n\n\n\n<p>Der heilige Paulus fordert die Christen auf: \u201eLass dich nicht vom B\u00f6sen besiegen, sondern besiege das B\u00f6se durch das Gute\u201c (R\u00f6m 12,21). Das erinnert uns daran, dass selbst unsere st\u00e4rksten Emotionen dem Ziel der Liebe dienen m\u00fcssen.<\/p>\n\n\n\n<hr class=\"wp-block-separator has-alpha-channel-opacity\"\/>\n\n\n\n<h2 class=\"wp-block-heading\"><strong>3. Gerechter Zorn: Ein Weg zur Tugend<\/strong><\/h2>\n\n\n\n<p>Die Heilige Schrift und die Tradition verurteilen nicht jede Form von Zorn. Jesus selbst zeigte heiligen Zorn, als er die H\u00e4ndler aus dem Tempel vertrieb (Joh 2,13\u201317). Seine Handlung war nicht das Ergebnis unkontrollierter Impulse, sondern eine gerechte Reaktion auf die Entweihung des Hauses Gottes.<\/p>\n\n\n\n<p>Thomas erkennt an, dass der Zorn zur Tugend werden kann, wenn:<\/p>\n\n\n\n<ol class=\"wp-block-list\">\n<li><strong>Er aus Liebe zur Gerechtigkeit entsteht.<\/strong><\/li>\n\n\n\n<li><strong>Er darauf abzielt, ein Unrecht zu korrigieren.<\/strong><\/li>\n\n\n\n<li><strong>Er durch Vernunft und N\u00e4chstenliebe gemildert wird.<\/strong><\/li>\n<\/ol>\n\n\n\n<p>Dieser \u201egerechte Zorn\u201c wird zu einer kraftvollen Energie, um die Wahrheit zu verteidigen, die S\u00fcnde zu bek\u00e4mpfen und das Gemeinwohl zu f\u00f6rdern.<\/p>\n\n\n\n<hr class=\"wp-block-separator has-alpha-channel-opacity\"\/>\n\n\n\n<h2 class=\"wp-block-heading\"><strong>4. Praktische Anwendungen: Den Zorn in Tugend verwandeln<\/strong><\/h2>\n\n\n\n<p>Hier sind einige praktische Schritte, um den Zorn in eine konstruktive Richtung zu lenken:<\/p>\n\n\n\n<h3 class=\"wp-block-heading\"><strong>a) \u00dcberpr\u00fcfen Sie die Ursachen Ihres Zorns<\/strong><\/h3>\n\n\n\n<p>Reflektieren Sie dar\u00fcber, was Ihren Zorn ausl\u00f6st. Stellen Sie sich folgende Fragen:<\/p>\n\n\n\n<ul class=\"wp-block-list\">\n<li>Reagiere ich auf eine echte Ungerechtigkeit oder auf eine wahrgenommene Kr\u00e4nkung?<\/li>\n\n\n\n<li>Versuche ich, ein Unrecht zu korrigieren, oder geht es mir darum, meinen verletzten Stolz zu befriedigen?<\/li>\n<\/ul>\n\n\n\n<p>Gebet und Gewissenserforschung k\u00f6nnen helfen, zwischen gerechtem und ungeordnetem Zorn zu unterscheiden.<\/p>\n\n\n\n<h3 class=\"wp-block-heading\"><strong>b) \u00dcben Sie M\u00e4\u00dfigung und Sanftmut<\/strong><\/h3>\n\n\n\n<p>Sanftmut, eine Tugend, die Thomas als M\u00e4\u00dfigung des Zorns beschreibt, hilft uns, auch in provokativen Situationen die Kontrolle zu behalten. \u00dcben Sie ruhige Antworten und suchen Sie den Frieden, anstatt Konflikte anzuheizen.<\/p>\n\n\n\n<h3 class=\"wp-block-heading\"><strong>c) Suchen Sie Vers\u00f6hnung<\/strong><\/h3>\n\n\n\n<p>Jesus fordert uns auf, uns mit unseren Br\u00fcdern zu vers\u00f6hnen, bevor wir unser Opfer am Altar darbringen (Mt 5,23\u201324). Machen Sie sich bewusst M\u00fche, zu vergeben und friedliche L\u00f6sungen zu finden, selbst in schwierigen Konflikten.<\/p>\n\n\n\n<h3 class=\"wp-block-heading\"><strong>d) Lenken Sie Ihren Zorn auf das Gute<\/strong><\/h3>\n\n\n\n<p>Verwandeln Sie die Energie Ihres Zorns in konstruktive Taten: Setzen Sie sich f\u00fcr die Rechte der Benachteiligten ein, arbeiten Sie f\u00fcr soziale Gerechtigkeit oder unterst\u00fctzen Sie Initiativen, die Frieden und Vers\u00f6hnung f\u00f6rdern.<\/p>\n\n\n\n<hr class=\"wp-block-separator has-alpha-channel-opacity\"\/>\n\n\n\n<h2 class=\"wp-block-heading\"><strong>5. Relevanz im heutigen Kontext<\/strong><\/h2>\n\n\n\n<p>In einer Welt, die von Polarisierung, Stress und Ungerechtigkeit gepr\u00e4gt ist, ist der Zorn eine allgegenw\u00e4rtige Emotion. Soziale Medien und Nachrichten verst\u00e4rken oft Konflikte und f\u00f6rdern Emp\u00f6rung. Als Christen sind wir aufgerufen, Zeugen des Friedens und der Gerechtigkeit zu sein und der Welt zu zeigen, dass es m\u00f6glich ist, auf Ungerechtigkeiten zu reagieren, ohne dem Hass zu verfallen.<\/p>\n\n\n\n<p>Kontrollierter und gel\u00e4uterter Zorn kann zu einem m\u00e4chtigen Werkzeug werden, um die Gesellschaft zu ver\u00e4ndern. Indem wir S\u00fcnde und Ungerechtigkeit mit Liebe und N\u00e4chstenliebe bek\u00e4mpfen, folgen wir dem Beispiel Christi, der uns gelehrt hat, \u201esanftm\u00fctig und dem\u00fctig von Herzen\u201c zu sein (Mt 11,29).<\/p>\n\n\n\n<hr class=\"wp-block-separator has-alpha-channel-opacity\"\/>\n\n\n\n<h2 class=\"wp-block-heading\"><strong>6. Fazit: Den Zorn mit Vernunft und Gnade regieren<\/strong><\/h2>\n\n\n\n<p>Der Zorn ist nicht von Natur aus schlecht, aber er muss gereinigt und kontrolliert werden, damit er nicht zu einem Hindernis auf unserem Weg zur Heiligkeit wird. Indem wir den Lehren des heiligen Thomas von Aquin und dem Beispiel Christi folgen, k\u00f6nnen wir diese Emotion in eine Kraft f\u00fcr das Gute verwandeln.<\/p>\n\n\n\n<p>In Ihrem Alltag sollten Sie Gebet und Reflexion nutzen, um die Ursachen und Folgen Ihres Zorns zu erkennen. Vertrauen Sie auf Gottes Gnade, um ihn zu m\u00e4\u00dfigen und ihn zur F\u00f6rderung seines Reiches einzusetzen. In einer Welt, die nach Frieden hungert, wird jeder Versuch, unseren Zorn in Sanftmut und Gerechtigkeit zu verwandeln, zu einem kraftvollen Zeugnis f\u00fcr die Liebe Gottes.<\/p>\n","protected":false},"excerpt":{"rendered":"<p>Der Zorn ist eine der intensivsten und oft missverstandenen Emotionen, die wir Menschen erleben. Die katholische Tradition z\u00e4hlt ihn zu den sieben Tods\u00fcnden und hebt sein zerst\u00f6rerisches Potenzial hervor, wenn er unkontrolliert bleibt. Doch der Zorn kann auch zu einer positiven Kraft werden, wenn er von der Vernunft geleitet und mit dem Willen Gottes in &hellip;<\/p>\n","protected":false},"author":3,"featured_media":1865,"comment_status":"open","ping_status":"open","sticky":false,"template":"","format":"standard","meta":{"_seopress_robots_primary_cat":"","_seopress_titles_title":"","_seopress_titles_desc":"","_seopress_robots_index":"","footnotes":""},"categories":[43,37],"tags":[502],"class_list":["post-1864","post","type-post","status-publish","format-standard","has-post-thumbnail","","category-katechismus-der-katholischen-kirche","category-lehre-und-glaube","tag-zorn"],"_links":{"self":[{"href":"https:\/\/catholicus.eu\/de\/wp-json\/wp\/v2\/posts\/1864","targetHints":{"allow":["GET"]}}],"collection":[{"href":"https:\/\/catholicus.eu\/de\/wp-json\/wp\/v2\/posts"}],"about":[{"href":"https:\/\/catholicus.eu\/de\/wp-json\/wp\/v2\/types\/post"}],"author":[{"embeddable":true,"href":"https:\/\/catholicus.eu\/de\/wp-json\/wp\/v2\/users\/3"}],"replies":[{"embeddable":true,"href":"https:\/\/catholicus.eu\/de\/wp-json\/wp\/v2\/comments?post=1864"}],"version-history":[{"count":1,"href":"https:\/\/catholicus.eu\/de\/wp-json\/wp\/v2\/posts\/1864\/revisions"}],"predecessor-version":[{"id":1866,"href":"https:\/\/catholicus.eu\/de\/wp-json\/wp\/v2\/posts\/1864\/revisions\/1866"}],"wp:featuredmedia":[{"embeddable":true,"href":"https:\/\/catholicus.eu\/de\/wp-json\/wp\/v2\/media\/1865"}],"wp:attachment":[{"href":"https:\/\/catholicus.eu\/de\/wp-json\/wp\/v2\/media?parent=1864"}],"wp:term":[{"taxonomy":"category","embeddable":true,"href":"https:\/\/catholicus.eu\/de\/wp-json\/wp\/v2\/categories?post=1864"},{"taxonomy":"post_tag","embeddable":true,"href":"https:\/\/catholicus.eu\/de\/wp-json\/wp\/v2\/tags?post=1864"}],"curies":[{"name":"wp","href":"https:\/\/api.w.org\/{rel}","templated":true}]}}