{"id":1773,"date":"2025-01-10T23:00:24","date_gmt":"2025-01-10T22:00:24","guid":{"rendered":"https:\/\/catholicus.eu\/de\/?p=1773"},"modified":"2025-01-10T23:00:24","modified_gmt":"2025-01-10T22:00:24","slug":"mythen-und-realitaeten-ueber-die-paepstliche-unfehlbarkeit-was-sie-wissen-muessen","status":"publish","type":"post","link":"https:\/\/catholicus.eu\/de\/mythen-und-realitaeten-ueber-die-paepstliche-unfehlbarkeit-was-sie-wissen-muessen\/","title":{"rendered":"Mythen und Realit\u00e4ten \u00fcber die p\u00e4pstliche Unfehlbarkeit: Was Sie wissen m\u00fcssen"},"content":{"rendered":"\n<h2 class=\"wp-block-heading\">Einf\u00fchrung: Kontext und Bedeutung des Themas<\/h2>\n\n\n\n<p>Die p\u00e4pstliche Unfehlbarkeit ist eines der am meisten diskutierten und oft missverstandenen Konzepte innerhalb der katholischen Kirche. Dieses Dogma, das formell auf dem Ersten Vatikanischen Konzil im Jahr 1870 definiert wurde, verleiht dem Papst weder absolute Macht noch Immunit\u00e4t gegen pers\u00f6nliche Fehler. Vielmehr wurzelt es in einem theologischen und spirituellen Kontext, der die F\u00fchrung des Heiligen Geistes in der Kirche betont. In einer Zeit des schnellen Wandels und der st\u00e4ndigen Infragestellung religi\u00f6ser Autorit\u00e4t ist es entscheidend, zu verstehen, was p\u00e4pstliche Unfehlbarkeit wirklich bedeutet, um einen festen und reifen Glauben zu leben.<\/p>\n\n\n\n<p>Dieser Artikel zielt darauf ab, dieses Dogma zu entmystifizieren, seine historischen und biblischen Wurzeln zu erforschen und \u00dcberlegungen zu seiner theologischen und praktischen Relevanz im heutigen christlichen Leben anzubieten. \u00dcber die Theorie hinaus werden wir auch sehen, wie dieses Konzept uns inspirieren kann, auf die Verhei\u00dfung Christi zu vertrauen, seine Kirche zur Wahrheit zu f\u00fchren.<\/p>\n\n\n\n<h2 class=\"wp-block-heading\">Historischer und biblischer Kontext<\/h2>\n\n\n\n<h3 class=\"wp-block-heading\">Der Ursprung der p\u00e4pstlichen Unfehlbarkeit<\/h3>\n\n\n\n<p>Die Idee, dass der Papst eine besondere F\u00fchrung des Heiligen Geistes hat, um die Wahrheit zu verk\u00fcnden, entstand nicht aus dem Nichts. Sie findet ihre Wurzeln in der Verhei\u00dfung Christi an den heiligen Petrus: &#8222;Ich aber sage dir: Du bist Petrus, und auf diesen Felsen werde ich meine Kirche bauen, und die Pforten der Unterwelt werden sie nicht \u00fcberw\u00e4ltigen. Ich werde dir die Schl\u00fcssel des Himmelreichs geben&#8220; (Mt 16,18-19). Diese Passage etabliert Petrus als sichtbares Fundament der Einheit und Wahrheit in der Kirche.<\/p>\n\n\n\n<p>Ein weiterer zentraler Text findet sich im Lukasevangelium: &#8222;Ich aber habe f\u00fcr dich gebetet, dass dein Glaube nicht erlischt; und wenn du dich bekehrt hast, st\u00e4rke deine Br\u00fcder&#8220; (Lk 22,32). Hier betet Christus speziell daf\u00fcr, dass Petrus eine feste St\u00fctze f\u00fcr die anderen im Glauben ist, was als g\u00f6ttlicher Schutz vor schweren doktrin\u00e4ren Irrt\u00fcmern interpretiert wird, wenn der Papst &#8222;ex cathedra&#8220; spricht.<\/p>\n\n\n\n<h3 class=\"wp-block-heading\">Historische Entwicklung<\/h3>\n\n\n\n<p>Obwohl die ersten Jahrhunderte des Christentums Begriffe wie &#8222;p\u00e4pstliche Unfehlbarkeit&#8220; nicht verwendeten, erkannten die Kirchenv\u00e4ter die besondere Autorit\u00e4t des Bischofs von Rom an. Zum Beispiel sprach der heilige Iren\u00e4us von Lyon im zweiten Jahrhundert von der Kirche von Rom als derjenigen, die &#8222;in der Liebe vorsteht&#8220; und deren Glaube &#8222;allen Kirchen verk\u00fcndet wird&#8220;. Im Laufe der Zeit wurde diese Autorit\u00e4t deutlicher, insbesondere w\u00e4hrend doktrin\u00e4rer Kontroversen wie den arianischen und nestorianischen H\u00e4resien.<\/p>\n\n\n\n<p>Auf dem Ersten Vatikanischen Konzil wurde die p\u00e4pstliche Unfehlbarkeit als Dogma verk\u00fcndet, wobei pr\u00e4zisiert wurde, dass sie nur unter sehr spezifischen Bedingungen gilt:<\/p>\n\n\n\n<ol start=\"1\" class=\"wp-block-list\">\n<li>Der Papst muss &#8222;ex cathedra&#8220; sprechen, also als Nachfolger des Petrus und oberster Hirte der Kirche.<\/li>\n\n\n\n<li>Die Definition muss ausschlie\u00dflich eine Glaubens- oder Sittenlehre betreffen.<\/li>\n\n\n\n<li>Der Papst muss unmissverst\u00e4ndlich erkl\u00e4ren, dass die Lehre f\u00fcr alle Gl\u00e4ubigen bindend ist.<\/li>\n<\/ol>\n\n\n\n<p>Ein konkretes Beispiel f\u00fcr diese Anwendung ist die Verk\u00fcndung der Dogmen von der Unbefleckten Empf\u00e4ngnis Mariens (1854) und der Aufnahme Mariens in den Himmel (1950). Diese beiden Dogmen wurden von den P\u00e4psten Pius IX. bzw. Pius XII. definiert und erf\u00fcllten die Bedingungen der &#8222;ex cathedra&#8220;-Unfehlbarkeit.<\/p>\n\n\n\n<h2 class=\"wp-block-heading\">Theologische Relevanz<\/h2>\n\n\n\n<h3 class=\"wp-block-heading\">Ein Zeichen f\u00fcr Gottes Treue<\/h3>\n\n\n\n<p>Das Dogma der p\u00e4pstlichen Unfehlbarkeit hebt eine grundlegende Wahrheit hervor: Gottes Treue zu seiner Kirche. Es geht nicht um die menschliche Perfektion des Papstes, sondern um die g\u00f6ttliche Verhei\u00dfung, den Glauben der Gl\u00e4ubigen zu sch\u00fctzen. Dieser Schutz versichert uns, dass die Kirche trotz menschlicher Begrenzungen eine Bastion der Wahrheit bleibt.<\/p>\n\n\n\n<p>Die Unfehlbarkeit spiegelt auch die gemeinschaftliche Natur des katholischen Glaubens wider. Indem sie der Einheit der Wahrheit dient, hilft sie den Gl\u00e4ubigen, in Gemeinschaft mit Christus und untereinander zu leben, besonders in einer Welt, in der pers\u00f6nliche Interpretationen den Glauben spalten k\u00f6nnen.<\/p>\n\n\n\n<h3 class=\"wp-block-heading\">Ein Zeugnis der Demut<\/h3>\n\n\n\n<p>Entgegen mancher Annahmen ist die p\u00e4pstliche Unfehlbarkeit kein Akt des Stolzes oder der Macht, sondern der Demut. Wenn der Papst dieses Charisma aus\u00fcbt, handelt er nicht nach seiner pers\u00f6nlichen Meinung, sondern als Instrument von Gottes Willen. In diesem Sinne erinnert uns die Unfehlbarkeit daran, dass wir alle berufen sind, die Wahrheit zu suchen, nicht nach unseren Vorlieben, sondern nach der F\u00fchrung des Heiligen Geistes.<\/p>\n\n\n\n<h2 class=\"wp-block-heading\">Praktische Anwendungen<\/h2>\n\n\n\n<h3 class=\"wp-block-heading\">Vertrauen in die Kirche leben<\/h3>\n\n\n\n<p>Katholiken k\u00f6nnen in der p\u00e4pstlichen Unfehlbarkeit einen Grund finden, der F\u00fchrung der Kirche zu vertrauen. In einer Welt voller Unsicherheiten l\u00e4dt uns das Wissen, dass die grundlegenden Lehren des Glaubens und der Moral von Gott gesch\u00fctzt sind, ein, mit Hoffnung und Sicherheit zu leben.<\/p>\n\n\n\n<p>Zum Beispiel k\u00f6nnen wir uns angesichts komplexer moralischer Debatten an das Lehramt der Kirche wenden, das als verl\u00e4sslicher Leitfaden die Wahrheit Christi widerspiegelt. Dieses Vertrauen befreit uns von der Last, uns ausschlie\u00dflich auf unsere Meinungen oder wechselnde kulturelle Trends zu verlassen.<\/p>\n\n\n\n<h3 class=\"wp-block-heading\">Einheit f\u00f6rdern<\/h3>\n\n\n\n<p>Die p\u00e4pstliche Unfehlbarkeit fordert uns auch heraus, in Einheit mit unseren Glaubensgeschwistern zu leben. Anstatt in endlose Streitigkeiten \u00fcber Lehren zu verfallen, sind wir aufgerufen, nach einer gemeinsamen Grundlage zu suchen, die auf den Lehren der Kirche basiert. Das bedeutet nicht, Debatten zu vermeiden, sondern mit einem offenen Herzen und einem Geist, der die Wahrheit sucht, daran teilzunehmen.<\/p>\n\n\n\n<h3 class=\"wp-block-heading\">Sich von den P\u00e4psten inspirieren lassen<\/h3>\n\n\n\n<p>Viele P\u00e4pste haben in der Aus\u00fcbung ihres Dienstes Beispiele von Demut, Mut und Liebe zur Wahrheit gegeben. \u00dcber ihr Leben und ihre Lehren nachzudenken, kann uns inspirieren, unsere eigenen Herausforderungen mit Glauben und Entschlossenheit anzugehen. Zum Beispiel war Papst Johannes Paul II. ein unerm\u00fcdlicher Zeuge f\u00fcr die W\u00fcrde des Menschen, w\u00e4hrend Papst Franziskus uns st\u00e4ndig einl\u00e4dt, einen Glauben zu leben, der sich in Barmherzigkeit und Gerechtigkeit manifestiert.<\/p>\n\n\n\n<h2 class=\"wp-block-heading\">Zeitgen\u00f6ssische Reflexion<\/h2>\n\n\n\n<h3 class=\"wp-block-heading\">Unfehlbarkeit in der modernen Welt<\/h3>\n\n\n\n<p>Heute mehr denn je steht der katholische Glaube vor Fragen und Kritik. In einer Umgebung, in der pers\u00f6nliche Meinungen und Ideologien um unsere Aufmerksamkeit konkurrieren, erinnert uns die p\u00e4pstliche Unfehlbarkeit daran, dass die Wahrheit nicht relativ ist. Diese Gewissheit fordert uns heraus, konsequent zu leben und unseren Glauben auf eine ansprechende und \u00fcberzeugende Weise zu bezeugen.<\/p>\n\n\n\n<p>Gleichzeitig steht der Papst vor der Herausforderung, die Wahrheit mit Liebe und Klarheit zu kommunizieren. Das erinnert uns alle daran, dass Dialog und pers\u00f6nliches Zeugnis f\u00fcr die Evangelisierung wesentlich sind. Die Wahrheit darf nicht aufgezwungen, sondern muss mit Respekt und Geduld angeboten werden.<\/p>\n\n\n\n<h3 class=\"wp-block-heading\">Die Herausforderung der Einheit in der Vielfalt<\/h3>\n\n\n\n<p>Die p\u00e4pstliche Unfehlbarkeit l\u00e4dt uns auch ein, \u00fcber die Einheit der Kirche in einer vielf\u00e4ltigen Welt nachzudenken. Als Katholiken sind wir aufgerufen, die kulturelle und spirituelle Vielfalt innerhalb der Kirche zu umarmen, ohne unsere Einheit im Glauben aus den Augen zu verlieren. Das erfordert ein offenes Herz und tiefes Vertrauen darauf, dass der Heilige Geist seine Kirche weiterhin durch das petrinische Amt f\u00fchrt.<\/p>\n\n\n\n<h2 class=\"wp-block-heading\">Fazit: Ein fester und hoffnungsvoller Glaube<\/h2>\n\n\n\n<p>Die p\u00e4pstliche Unfehlbarkeit ist kein menschliches Privileg, sondern ein g\u00f6ttliches Geschenk an die Kirche. Sie erinnert uns daran, dass Christus trotz unserer Schw\u00e4chen seiner Verhei\u00dfung treu bleibt, seine Kirche zur Wahrheit zu f\u00fchren. Dieses Dogma, das weit entfernt von einer theoretischen oder abstrakten Frage ist, hat praktische und spirituelle Implikationen, die uns einladen, unseren Glauben mit Vertrauen, Demut und Einheit zu leben.<\/p>\n\n\n\n<p>In einer Welt voller L\u00e4rm und Verwirrung wenden wir uns der sicheren F\u00fchrung der Kirche zu und erneuern unser Engagement, in unserem t\u00e4glichen Leben Zeugen der Wahrheit zu sein. Wie uns der heilige Paulus lehrt: &#8222;Seid fest im Glauben, seid mutig, seid stark. Alles, was ihr tut, geschehe in Liebe&#8220; (1 Kor 16,13-14).<\/p>\n","protected":false},"excerpt":{"rendered":"<p>Einf\u00fchrung: Kontext und Bedeutung des Themas Die p\u00e4pstliche Unfehlbarkeit ist eines der am meisten diskutierten und oft missverstandenen Konzepte innerhalb der katholischen Kirche. Dieses Dogma, das formell auf dem Ersten Vatikanischen Konzil im Jahr 1870 definiert wurde, verleiht dem Papst weder absolute Macht noch Immunit\u00e4t gegen pers\u00f6nliche Fehler. Vielmehr wurzelt es in einem theologischen und &hellip;<\/p>\n","protected":false},"author":3,"featured_media":1774,"comment_status":"open","ping_status":"open","sticky":false,"template":"","format":"standard","meta":{"_seopress_robots_primary_cat":"","_seopress_titles_title":"","_seopress_titles_desc":"","_seopress_robots_index":"","footnotes":""},"categories":[44,37],"tags":[475],"class_list":["post-1773","post","type-post","status-publish","format-standard","has-post-thumbnail","","category-dogmen-des-glaubens","category-lehre-und-glaube","tag-paepstliche-unfehlbarkeit"],"_links":{"self":[{"href":"https:\/\/catholicus.eu\/de\/wp-json\/wp\/v2\/posts\/1773","targetHints":{"allow":["GET"]}}],"collection":[{"href":"https:\/\/catholicus.eu\/de\/wp-json\/wp\/v2\/posts"}],"about":[{"href":"https:\/\/catholicus.eu\/de\/wp-json\/wp\/v2\/types\/post"}],"author":[{"embeddable":true,"href":"https:\/\/catholicus.eu\/de\/wp-json\/wp\/v2\/users\/3"}],"replies":[{"embeddable":true,"href":"https:\/\/catholicus.eu\/de\/wp-json\/wp\/v2\/comments?post=1773"}],"version-history":[{"count":1,"href":"https:\/\/catholicus.eu\/de\/wp-json\/wp\/v2\/posts\/1773\/revisions"}],"predecessor-version":[{"id":1775,"href":"https:\/\/catholicus.eu\/de\/wp-json\/wp\/v2\/posts\/1773\/revisions\/1775"}],"wp:featuredmedia":[{"embeddable":true,"href":"https:\/\/catholicus.eu\/de\/wp-json\/wp\/v2\/media\/1774"}],"wp:attachment":[{"href":"https:\/\/catholicus.eu\/de\/wp-json\/wp\/v2\/media?parent=1773"}],"wp:term":[{"taxonomy":"category","embeddable":true,"href":"https:\/\/catholicus.eu\/de\/wp-json\/wp\/v2\/categories?post=1773"},{"taxonomy":"post_tag","embeddable":true,"href":"https:\/\/catholicus.eu\/de\/wp-json\/wp\/v2\/tags?post=1773"}],"curies":[{"name":"wp","href":"https:\/\/api.w.org\/{rel}","templated":true}]}}