{"id":1598,"date":"2024-12-09T19:22:08","date_gmt":"2024-12-09T18:22:08","guid":{"rendered":"https:\/\/catholicus.eu\/de\/?p=1598"},"modified":"2024-12-09T19:22:08","modified_gmt":"2024-12-09T18:22:08","slug":"ekklesia-kata-holos-die-katholische-kirche-in-der-bibel","status":"publish","type":"post","link":"https:\/\/catholicus.eu\/de\/ekklesia-kata-holos-die-katholische-kirche-in-der-bibel\/","title":{"rendered":"&#8222;Ekklesia Kata Holos&#8220;: Die katholische Kirche in der Bibel"},"content":{"rendered":"\n<p>Der Begriff <strong>\u201eEkklesia Kata Holos\u201c<\/strong> ist ein griechischer Ausdruck, der w\u00f6rtlich \u201edie Versammlung nach dem Ganzen\u201c oder \u201edie universelle Gemeinschaft\u201c bedeutet. Dieses Konzept bildet den Kern der Identit\u00e4t der katholischen Kirche, deren Name von genau dieser Wurzel abstammt: <strong>\u201ekatholisch\u201c<\/strong>, was universell bedeutet. Aber was sagt uns die Bibel \u00fcber diese universelle Kirche und ihre Rolle in Gottes Plan? In diesem Artikel werden wir untersuchen, wie die Heilige Schrift das Wesen der katholischen Kirche begr\u00fcndet und offenbart, wie dieses Konzept im Laufe der Geschichte verstanden wurde und was es f\u00fcr Gl\u00e4ubige heute bedeutet.<\/p>\n\n\n\n<h2 class=\"wp-block-heading\">1. <strong>Die Kirche im Alten Testament: Die Vorbereitung des Volkes Gottes<\/strong><\/h2>\n\n\n\n<p>Auch wenn der Begriff \u201eekklesia\u201c im Alten Testament nicht vorkommt, ist die Idee eines von Gott berufenen Volkes tief in der hebr\u00e4ischen Schrift verwurzelt. Gott berief Abraham, um eine Nation zu gr\u00fcnden, die sein Volk sein sollte (Gen 12,1\u20133). Israel wurde als die heilige Versammlung (<strong>qahal<\/strong>) ausgew\u00e4hlt, die Gottes Heiligkeit widerspiegeln und ein Licht f\u00fcr die Nationen sein sollte (Jes 49,6).<\/p>\n\n\n\n<p>Der <strong>Exodus<\/strong> ist ein Schl\u00fcsselmoment in dieser Geschichte: Gott befreit sein Volk aus der Sklaverei, damit es ihm als vereinte Gemeinschaft unter dem Bund dienen kann. Diese <strong>Versammlung am Sinai<\/strong> (Ex 19,1\u20138) ist eine Vorwegnahme der Kirche, in der die Gl\u00e4ubigen unter dem neuen und endg\u00fcltigen Bund in Christus leben.<\/p>\n\n\n\n<h2 class=\"wp-block-heading\">2. <strong>\u201eEkklesia\u201c im Neuen Testament: Die Erf\u00fcllung in Christus<\/strong><\/h2>\n\n\n\n<p>Der Begriff <strong>\u201eekklesia\u201c<\/strong> erscheint zum ersten Mal im Neuen Testament und erh\u00e4lt dort seine volle Bedeutung in Christus. Jesus gr\u00fcndet die Kirche als sichtbare und geistliche Gemeinschaft, die in seiner Person und Mission verwurzelt ist.<\/p>\n\n\n\n<h3 class=\"wp-block-heading\">a) <strong>Die Gr\u00fcndung der Kirche in den Evangelien<\/strong><\/h3>\n\n\n\n<p>In Matth\u00e4us 16,18 sagt Jesus zu Petrus:<\/p>\n\n\n\n<blockquote class=\"wp-block-quote is-layout-flow wp-block-quote-is-layout-flow\">\n<p>\u201eDu bist Petrus, und auf diesen Felsen werde ich meine Kirche bauen, und die Pforten der Unterwelt werden sie nicht \u00fcberw\u00e4ltigen.\u201c<\/p>\n<\/blockquote>\n\n\n\n<p>Hier bezeichnet das Wort \u201eKirche\u201c (<strong>ekklesia<\/strong>) die Gemeinschaft der Gl\u00e4ubigen, die in Gemeinschaft mit ihm leben werden. Dieser Abschnitt hebt zwei wesentliche Aspekte hervor: Die Kirche ist das Werk Christi, und sie ist auf dem Glauben und der Autorit\u00e4t von Petrus gegr\u00fcndet, dem ersten Papst.<\/p>\n\n\n\n<h3 class=\"wp-block-heading\">b) <strong>Der universelle Auftrag der Kirche<\/strong><\/h3>\n\n\n\n<p>Bevor Jesus in den Himmel auff\u00e4hrt, gibt er den Missionsbefehl:<\/p>\n\n\n\n<blockquote class=\"wp-block-quote is-layout-flow wp-block-quote-is-layout-flow\">\n<p>\u201eGeht hinaus in die ganze Welt und macht alle V\u00f6lker zu meinen J\u00fcngern\u201c (Mt 28,19).<\/p>\n<\/blockquote>\n\n\n\n<p>Die Universalit\u00e4t der Kirche wird hier deutlich. Sie ist keine Gemeinschaft, die durch geografische, kulturelle oder ethnische Grenzen beschr\u00e4nkt ist, sondern eine Versammlung, die alle V\u00f6lker unter der Herrschaft Christi vereint.<\/p>\n\n\n\n<h3 class=\"wp-block-heading\">c) <strong>Die Kirche als Leib Christi<\/strong><\/h3>\n\n\n\n<p>Der heilige Paulus verwendet das Bild des <strong>Leibes Christi<\/strong>, um die Kirche zu beschreiben (1 Kor 12,12\u201327). Diese Analogie betont die Einheit und Vielfalt innerhalb der kirchlichen Gemeinschaft: Jedes Mitglied hat eine einzigartige Rolle, aber alle sind in Christus vereint, der das Haupt ist.<\/p>\n\n\n\n<h2 class=\"wp-block-heading\">3. <strong>Die katholische Kirche: Bedeutung und geschichtliche Entwicklung<\/strong><\/h2>\n\n\n\n<p>Der Begriff <strong>\u201ekatholisch\u201c<\/strong> taucht erstmals im zweiten Jahrhundert in einem kirchlichen Kontext auf, als der heilige Ignatius von Antiochien schrieb:<\/p>\n\n\n\n<blockquote class=\"wp-block-quote is-layout-flow wp-block-quote-is-layout-flow\">\n<p>\u201eWo Christus Jesus ist, da ist die katholische Kirche.\u201c<\/p>\n<\/blockquote>\n\n\n\n<p>Von Anfang an hat sich die Kirche als universal verstanden, in Kontinuit\u00e4t mit dem Auftrag, den Christus den Aposteln anvertraut hat.<\/p>\n\n\n\n<h3 class=\"wp-block-heading\">a) <strong>Apostolische Sukzession<\/strong><\/h3>\n\n\n\n<p>Die Universalit\u00e4t der Kirche ist nicht nur geografisch, sondern auch doktrinell und geistlich. Durch die apostolische Sukzession haben die Bisch\u00f6fe als Nachfolger der Apostel die treue Weitergabe des Evangeliums sichergestellt.<\/p>\n\n\n\n<h3 class=\"wp-block-heading\">b) <strong>Das Konzil von Jerusalem: Ein Modell der Einheit<\/strong><\/h3>\n\n\n\n<p>In Apostelgeschichte 15 behandelt das Konzil von Jerusalem eine zentrale Frage: M\u00fcssen Heiden das mosaische Gesetz einhalten, um Teil der Kirche zu sein? Dieses Ereignis zeigt, wie die fr\u00fche Kirche in Gemeinschaft arbeitete, um Konflikte zu l\u00f6sen \u2013 ein Modell, das in \u00f6kumenischen Konzilien fortbesteht.<\/p>\n\n\n\n<h2 class=\"wp-block-heading\">4. <strong>Theologische Relevanz heute: Was bedeutet es, katholisch zu sein?<\/strong><\/h2>\n\n\n\n<p>In einer Welt, die von Individualismus und Fragmentierung gepr\u00e4gt ist, ist der Ruf, als Mitglieder einer universellen Kirche zu leben, wichtiger denn je. Mitglied der katholischen Kirche zu sein, bedeutet:<\/p>\n\n\n\n<h3 class=\"wp-block-heading\">a) <strong>In Gemeinschaft leben<\/strong><\/h3>\n\n\n\n<p>Die Kirche ist kein Sozialverein oder eine menschliche Institution. Sie ist der Leib Christi, in dem jeder von uns seinen Platz in einer globalen spirituellen Familie findet. Dies l\u00e4dt uns ein, Spaltungen zu \u00fcberwinden und Br\u00fccken zu bauen, dem Beispiel Jesu folgend.<\/p>\n\n\n\n<h3 class=\"wp-block-heading\">b) <strong>Zeugen des Evangeliums sein<\/strong><\/h3>\n\n\n\n<p>Als Mitglieder der universellen Kirche sind wir berufen, das Evangelium in Wort und Tat zu verk\u00fcnden. Dazu geh\u00f6rt die Verteidigung der Menschenw\u00fcrde, die F\u00f6rderung von Gerechtigkeit und die F\u00fcrsorge f\u00fcr die Schw\u00e4chsten.<\/p>\n\n\n\n<h3 class=\"wp-block-heading\">c) <strong>An den Sakramenten teilnehmen<\/strong><\/h3>\n\n\n\n<p>Die Sakramente, insbesondere die Eucharistie, stehen im Zentrum des katholischen Lebens. In der Messe vereinen wir uns mit der gesamten Kirche im Himmel und auf Erden und feiern die universelle Gemeinschaft in Christus.<\/p>\n\n\n\n<h2 class=\"wp-block-heading\">5. <strong>Praktische Anwendungen: Katholisch im Alltag leben<\/strong><\/h2>\n\n\n\n<p>Wie k\u00f6nnen wir diesen universellen Ruf im Alltag leben?<\/p>\n\n\n\n<ol class=\"wp-block-list\">\n<li><strong>Familien- und Gemeinschaftseinheit st\u00e4rken<\/strong>: Die Kirche beginnt zu Hause. Pflegen Sie Beziehungen, die auf Liebe, Vergebung und Solidarit\u00e4t basieren.<\/li>\n\n\n\n<li><strong>F\u00fcr die universelle Kirche beten<\/strong>: Denken Sie daran, dass wir Teil einer weltweiten Gemeinschaft sind. Beten Sie f\u00fcr verfolgte Christen und f\u00fcr die Einheit aller Gl\u00e4ubigen.<\/li>\n\n\n\n<li><strong>Mit Liebe evangelisieren<\/strong>: Teilen Sie Ihren Glauben nicht nur durch Worte, sondern auch durch das Beispiel Ihres Lebens.<\/li>\n\n\n\n<li><strong>Aktiv in Ihrer Pfarrei mitwirken<\/strong>: Engagieren Sie sich in den Aktivit\u00e4ten Ihrer lokalen Gemeinschaft, die eine Manifestation der universellen Kirche ist.<\/li>\n<\/ol>\n\n\n\n<h2 class=\"wp-block-heading\">6. <strong>Schlussfolgerung: Ein Ruf zur universellen Heiligkeit<\/strong><\/h2>\n\n\n\n<p>\u201eEkklesia Kata Holos\u201c ist nicht nur ein theologisches Konzept, sondern eine lebendige Realit\u00e4t, die jeden Gl\u00e4ubigen einl\u00e4dt, Teil von etwas Gr\u00f6\u00dferem zu sein: Gottes Plan f\u00fcr das Heil der Menschheit. Die katholische Kirche, gegr\u00fcndet von Christus und gef\u00fchrt vom Heiligen Geist, ruft uns dazu auf, in Gemeinschaft zu leben, Zeugen des Evangeliums zu sein und f\u00fcr Einheit und Frieden zu arbeiten.<\/p>\n\n\n\n<p>Heute mehr denn je lasst uns dem Ruf folgen, wahre Katholiken zu sein: Mitglieder einer universellen Kirche, die Christus als Licht der Welt verk\u00fcndet.<\/p>\n","protected":false},"excerpt":{"rendered":"<p>Der Begriff \u201eEkklesia Kata Holos\u201c ist ein griechischer Ausdruck, der w\u00f6rtlich \u201edie Versammlung nach dem Ganzen\u201c oder \u201edie universelle Gemeinschaft\u201c bedeutet. Dieses Konzept bildet den Kern der Identit\u00e4t der katholischen Kirche, deren Name von genau dieser Wurzel abstammt: \u201ekatholisch\u201c, was universell bedeutet. Aber was sagt uns die Bibel \u00fcber diese universelle Kirche und ihre Rolle &hellip;<\/p>\n","protected":false},"author":3,"featured_media":1599,"comment_status":"open","ping_status":"open","sticky":false,"template":"","format":"standard","meta":{"_seopress_robots_primary_cat":"","_seopress_titles_title":"","_seopress_titles_desc":"","_seopress_robots_index":"","footnotes":""},"categories":[48,38],"tags":[411,410,314],"class_list":["post-1598","post","type-post","status-publish","format-standard","has-post-thumbnail","","category-geschichte-der-kirche","category-geschichte-und-tradition","tag-bibel","tag-ekklesia-kata-holos","tag-katholische-kirche"],"_links":{"self":[{"href":"https:\/\/catholicus.eu\/de\/wp-json\/wp\/v2\/posts\/1598","targetHints":{"allow":["GET"]}}],"collection":[{"href":"https:\/\/catholicus.eu\/de\/wp-json\/wp\/v2\/posts"}],"about":[{"href":"https:\/\/catholicus.eu\/de\/wp-json\/wp\/v2\/types\/post"}],"author":[{"embeddable":true,"href":"https:\/\/catholicus.eu\/de\/wp-json\/wp\/v2\/users\/3"}],"replies":[{"embeddable":true,"href":"https:\/\/catholicus.eu\/de\/wp-json\/wp\/v2\/comments?post=1598"}],"version-history":[{"count":1,"href":"https:\/\/catholicus.eu\/de\/wp-json\/wp\/v2\/posts\/1598\/revisions"}],"predecessor-version":[{"id":1600,"href":"https:\/\/catholicus.eu\/de\/wp-json\/wp\/v2\/posts\/1598\/revisions\/1600"}],"wp:featuredmedia":[{"embeddable":true,"href":"https:\/\/catholicus.eu\/de\/wp-json\/wp\/v2\/media\/1599"}],"wp:attachment":[{"href":"https:\/\/catholicus.eu\/de\/wp-json\/wp\/v2\/media?parent=1598"}],"wp:term":[{"taxonomy":"category","embeddable":true,"href":"https:\/\/catholicus.eu\/de\/wp-json\/wp\/v2\/categories?post=1598"},{"taxonomy":"post_tag","embeddable":true,"href":"https:\/\/catholicus.eu\/de\/wp-json\/wp\/v2\/tags?post=1598"}],"curies":[{"name":"wp","href":"https:\/\/api.w.org\/{rel}","templated":true}]}}