{"id":1553,"date":"2024-12-04T22:10:58","date_gmt":"2024-12-04T21:10:58","guid":{"rendered":"https:\/\/catholicus.eu\/de\/?p=1553"},"modified":"2024-12-04T22:10:58","modified_gmt":"2024-12-04T21:10:58","slug":"die-schriften-von-thomas-von-aquin-ueber-mohammed-und-den-islam-eine-historische-studie","status":"publish","type":"post","link":"https:\/\/catholicus.eu\/de\/die-schriften-von-thomas-von-aquin-ueber-mohammed-und-den-islam-eine-historische-studie\/","title":{"rendered":"Die Schriften von Thomas von Aquin \u00fcber Mohammed und den Islam: Eine historische Studie"},"content":{"rendered":"\n<p>Thomas von Aquin, bekannt als der \u201eEngelgleiche Doktor\u201c, ist eine der einflussreichsten Pers\u00f6nlichkeiten in der Geschichte der katholischen Theologie. Sein umfangreiches Werk reicht von grundlegenden philosophischen Fragen bis hin zu komplexen theologischen Debatten. Zu seinen weniger bekannten, aber historisch bedeutsamen Texten geh\u00f6ren seine \u00dcberlegungen zu Mohammed und dem Islam. Dieser Artikel beleuchtet den historischen Kontext, den Inhalt und die aktuelle Relevanz dieser Schriften und bietet eine tiefgehende, aber leicht zug\u00e4ngliche Analyse, die die Leser erleuchten und spirituell f\u00fchren soll.<\/p>\n\n\n\n<hr class=\"wp-block-separator has-alpha-channel-opacity\"\/>\n\n\n\n<h3 class=\"wp-block-heading\"><strong>Der historische Kontext von Thomas von Aquin und dem Islam<\/strong><\/h3>\n\n\n\n<p>Thomas von Aquin lebte im 13. Jahrhundert, einer Zeit intensiver Kontakte zwischen der christlichen und der islamischen Welt. Die Kreuzz\u00fcge, kulturelle Austauschprozesse und territoriale Konflikte schufen einen Rahmen, in dem Christentum und Islam nicht nur milit\u00e4risch, sondern auch intellektuell konkurrierten.<br>In diesem Kontext hatte Thomas Zugang zu lateinischen \u00dcbersetzungen islamischer philosophischer und theologischer Werke, insbesondere von Autoren wie Avicenna und Averroes. Diese Einfl\u00fcsse sowie die Ausbreitung des Islam in ehemals christlichen Gebieten veranlassten den \u201eEngelgleichen Doktor\u201c, \u00fcber die Figur Mohammeds und die islamischen Lehren nachzudenken.<\/p>\n\n\n\n<hr class=\"wp-block-separator has-alpha-channel-opacity\"\/>\n\n\n\n<h3 class=\"wp-block-heading\"><strong>Thomas von Aquins Kritik an Mohammed und dem Islam<\/strong><\/h3>\n\n\n\n<p>In seinen Schriften, insbesondere in der <em>Summa Contra Gentiles<\/em>, setzt sich Thomas von einer apologetischen Perspektive mit dem Islam auseinander, das hei\u00dft, er verteidigt den christlichen Glauben gegen andere Religionen. Seine Hauptkritikpunkte konzentrieren sich auf drei wesentliche Aspekte:<\/p>\n\n\n\n<h4 class=\"wp-block-heading\"><strong>1. Die Autorit\u00e4t Mohammeds als Prophet<\/strong><\/h4>\n\n\n\n<p>Thomas hinterfragt Mohammeds Legitimit\u00e4t als wahrer Prophet und argumentiert, dass seine Botschaft nicht auf klaren g\u00f6ttlichen Zeichen wie Wundern beruht, sondern auf milit\u00e4rischer St\u00e4rke und territorialer Expansion. Laut Thomas sollte ein echter Prophet seine Botschaft durch \u00fcbernat\u00fcrliche Taten best\u00e4tigen, die eindeutig auf ihren g\u00f6ttlichen Ursprung hinweisen.<\/p>\n\n\n\n<h4 class=\"wp-block-heading\"><strong>2. Die Natur der koranischen Offenbarung<\/strong><\/h4>\n\n\n\n<p>Thomas bemerkt, dass der Koran Elemente aus fr\u00fcheren Religionen wie dem Judentum und dem Christentum mischt, und argumentiert, dass diese Synthese theologische Koh\u00e4renz vermissen l\u00e4sst. Aus seiner Sicht muss eine Offenbarung konsistent sein und die g\u00f6ttliche Vollkommenheit widerspiegeln, was er im Islam nicht erkennt.<\/p>\n\n\n\n<h4 class=\"wp-block-heading\"><strong>3. Ethische und gesetzliche Vorschriften des Islam<\/strong><\/h4>\n\n\n\n<p>Thomas kritisiert auch bestimmte ethische und gesetzliche Bestimmungen des Islam, die er in seiner Zeit als zu permissiv in Fragen der sexuellen Moral und des Einsatzes von Gewalt wahrnahm. Er stellt diese Lehren denjenigen des Christentums gegen\u00fcber, die seiner Ansicht nach die menschliche W\u00fcrde erh\u00f6hen und nach spiritueller Vollkommenheit streben.<\/p>\n\n\n\n<hr class=\"wp-block-separator has-alpha-channel-opacity\"\/>\n\n\n\n<h3 class=\"wp-block-heading\"><strong>Die theologische Relevanz seiner Schriften<\/strong><\/h3>\n\n\n\n<p>Obwohl Thomas von Aquins Kritik seinen historischen Kontext widerspiegelt, enthalten sie auch Elemente von bleibendem Wert f\u00fcr den modernen interreligi\u00f6sen Dialog und die Apologetik.<\/p>\n\n\n\n<h4 class=\"wp-block-heading\"><strong>1. Die Suche nach der Wahrheit<\/strong><\/h4>\n\n\n\n<p>Thomas betont, dass die Wahrheit keine Angst vor dem Dialog hat und dass es wesentlich ist, die Anspr\u00fcche anderer Religionen mit intellektueller Strenge zu untersuchen. Dies ist besonders heute in einer Welt des religi\u00f6sen Pluralismus relevant.<\/p>\n\n\n\n<h4 class=\"wp-block-heading\"><strong>2. Die Rolle von Vernunft und Glauben<\/strong><\/h4>\n\n\n\n<p>Eine der gro\u00dfen Beitr\u00e4ge von Thomas ist seine Beharrlichkeit, dass die Vernunft dem Glauben dienen kann und soll. Seine Analysen des Islam zeigen, wie er rationale Argumente nutzte, um den christlichen Glauben zu verteidigen, ohne sich ausschlie\u00dflich auf die Offenbarung zu st\u00fctzen.<\/p>\n\n\n\n<h4 class=\"wp-block-heading\"><strong>3. Die Einheit der Menschheit unter Gott<\/strong><\/h4>\n\n\n\n<p>Obwohl er den Islam kritisiert, verwirft Thomas nicht die Vorstellung, dass Muslime wie alle Menschen nach Gott suchen. Seine Theologie deutet an, dass jede aufrichtige Suche nach Wahrheit letztendlich zu Christus f\u00fchren kann.<\/p>\n\n\n\n<hr class=\"wp-block-separator has-alpha-channel-opacity\"\/>\n\n\n\n<h3 class=\"wp-block-heading\"><strong>Bedeutungen und Symbolik in Mohammeds Geschichte nach Thomas<\/strong><\/h3>\n\n\n\n<p>Thomas interpretiert Elemente aus Mohammeds Leben und dem Islam mit theologischer Symbolik, die seiner Ansicht nach die Notwendigkeit der wahren Offenbarung in Christus betont:<\/p>\n\n\n\n<ul class=\"wp-block-list\">\n<li><strong>Die milit\u00e4rische Expansion des Islam<\/strong> symbolisiert laut Thomas die Versuchung, weltliche Macht statt ewige Erl\u00f6sung zu suchen.<\/li>\n\n\n\n<li><strong>Die hybride Natur des Korans<\/strong>, beeinflusst von anderen Religionen, wird als Symbol f\u00fcr die menschliche Suche nach dem G\u00f6ttlichen angesehen, jedoch ohne die F\u00fclle der Offenbarung in Christus.<\/li>\n\n\n\n<li><strong>Die zentrale Rolle des islamischen Rechts<\/strong> spiegelt aus Thomas\u2019 Sicht eine Neigung zu menschlichen und praktischen Belangen wider, im Gegensatz zur spirituellen F\u00fclle, die die christliche Gnade bietet.<\/li>\n<\/ul>\n\n\n\n<hr class=\"wp-block-separator has-alpha-channel-opacity\"\/>\n\n\n\n<h3 class=\"wp-block-heading\"><strong>Praktische Anwendungen f\u00fcr heute<\/strong><\/h3>\n\n\n\n<p>Das Studium der Schriften von Thomas von Aquin \u00fcber den Islam kann uns in mehreren Aspekten der heutigen Zeit inspirieren:<\/p>\n\n\n\n<h4 class=\"wp-block-heading\"><strong>1. Ein Aufruf zum respektvollen Dialog<\/strong><\/h4>\n\n\n\n<p>Obwohl kritisch, hat Thomas den Islam tiefgehend studiert und erinnert uns daran, wie wichtig es ist, andere Religionen zu kennen und zu verstehen, bevor man Urteile f\u00e4llt.<\/p>\n\n\n\n<h4 class=\"wp-block-heading\"><strong>2. Verteidigung des Glaubens in der modernen Welt<\/strong><\/h4>\n\n\n\n<p>In einer pluralistischen Gesellschaft sind Christen aufgerufen, ihr Glaubenszeugnis mit N\u00e4chstenliebe und Klarheit zu geben, nach dem intellektuellen Beispiel von Thomas.<\/p>\n\n\n\n<h4 class=\"wp-block-heading\"><strong>3. Die Suche nach Wahrheit als Weg zu Gott<\/strong><\/h4>\n\n\n\n<p>Thomas\u2019 Engagement f\u00fcr die Wahrheit inspiriert uns, keine Angst vor schwierigen Fragen oder interreligi\u00f6sem Dialog zu haben, in dem Vertrauen, dass jede Wahrheit von Gott kommt.<\/p>\n\n\n\n<hr class=\"wp-block-separator has-alpha-channel-opacity\"\/>\n\n\n\n<h3 class=\"wp-block-heading\"><strong>Schlussfolgerung<\/strong><\/h3>\n\n\n\n<p>Die Schriften von Thomas von Aquin \u00fcber Mohammed und den Islam, obwohl in einem spezifischen historischen Kontext verankert, bleiben eine wertvolle Quelle, um \u00fcber die Beziehung zwischen Christentum und Islam nachzudenken. Sie fordern uns auf, unseren Glauben mit Vernunft und N\u00e4chstenliebe zu verteidigen, die Wahrheit mit Demut zu suchen und in jedem Menschen, unabh\u00e4ngig von seiner Religion, ein Kind Gottes zu sehen.<\/p>\n\n\n\n<p>In Zeiten religi\u00f6ser und kultureller Spannungen k\u00f6nnen die Lehren von Thomas von Aquin als spiritueller Leitfaden dienen und uns daran erinnern, dass unsere Berufung als Christen letztendlich darin besteht, das Licht der Welt und das Salz der Erde zu sein.<\/p>\n","protected":false},"excerpt":{"rendered":"<p>Thomas von Aquin, bekannt als der \u201eEngelgleiche Doktor\u201c, ist eine der einflussreichsten Pers\u00f6nlichkeiten in der Geschichte der katholischen Theologie. Sein umfangreiches Werk reicht von grundlegenden philosophischen Fragen bis hin zu komplexen theologischen Debatten. Zu seinen weniger bekannten, aber historisch bedeutsamen Texten geh\u00f6ren seine \u00dcberlegungen zu Mohammed und dem Islam. Dieser Artikel beleuchtet den historischen Kontext, &hellip;<\/p>\n","protected":false},"author":3,"featured_media":1554,"comment_status":"open","ping_status":"open","sticky":false,"template":"","format":"standard","meta":{"_seopress_robots_primary_cat":"","_seopress_titles_title":"","_seopress_titles_desc":"","_seopress_robots_index":"","footnotes":""},"categories":[38,49],"tags":[385,96],"class_list":["post-1553","post","type-post","status-publish","format-standard","has-post-thumbnail","","category-geschichte-und-tradition","category-kirchenvaeter-und-kirchenlehrer","tag-islam","tag-thomas-von-aquin"],"_links":{"self":[{"href":"https:\/\/catholicus.eu\/de\/wp-json\/wp\/v2\/posts\/1553","targetHints":{"allow":["GET"]}}],"collection":[{"href":"https:\/\/catholicus.eu\/de\/wp-json\/wp\/v2\/posts"}],"about":[{"href":"https:\/\/catholicus.eu\/de\/wp-json\/wp\/v2\/types\/post"}],"author":[{"embeddable":true,"href":"https:\/\/catholicus.eu\/de\/wp-json\/wp\/v2\/users\/3"}],"replies":[{"embeddable":true,"href":"https:\/\/catholicus.eu\/de\/wp-json\/wp\/v2\/comments?post=1553"}],"version-history":[{"count":1,"href":"https:\/\/catholicus.eu\/de\/wp-json\/wp\/v2\/posts\/1553\/revisions"}],"predecessor-version":[{"id":1555,"href":"https:\/\/catholicus.eu\/de\/wp-json\/wp\/v2\/posts\/1553\/revisions\/1555"}],"wp:featuredmedia":[{"embeddable":true,"href":"https:\/\/catholicus.eu\/de\/wp-json\/wp\/v2\/media\/1554"}],"wp:attachment":[{"href":"https:\/\/catholicus.eu\/de\/wp-json\/wp\/v2\/media?parent=1553"}],"wp:term":[{"taxonomy":"category","embeddable":true,"href":"https:\/\/catholicus.eu\/de\/wp-json\/wp\/v2\/categories?post=1553"},{"taxonomy":"post_tag","embeddable":true,"href":"https:\/\/catholicus.eu\/de\/wp-json\/wp\/v2\/tags?post=1553"}],"curies":[{"name":"wp","href":"https:\/\/api.w.org\/{rel}","templated":true}]}}