{"id":1463,"date":"2024-11-27T07:04:23","date_gmt":"2024-11-27T06:04:23","guid":{"rendered":"https:\/\/catholicus.eu\/de\/?p=1463"},"modified":"2024-11-27T07:04:23","modified_gmt":"2024-11-27T06:04:23","slug":"priester-diener-der-gnade-und-hueter-der-sakramente","status":"publish","type":"post","link":"https:\/\/catholicus.eu\/de\/priester-diener-der-gnade-und-hueter-der-sakramente\/","title":{"rendered":"Priester: Diener der Gnade und H\u00fcter der Sakramente"},"content":{"rendered":"\n<p>Die Gestalt des Priesters ist von grundlegender Bedeutung im Leben der katholischen Kirche. Seine Mission geht weit \u00fcber das Vorstehen religi\u00f6ser Zeremonien hinaus: Er ist Diener der g\u00f6ttlichen Gnade, H\u00fcter der Sakramente und Hirte, der das Volk Gottes auf seiner irdischen Pilgerreise zum ewigen Leben f\u00fchrt. Dieser Artikel untersucht die Geschichte, die Symbolik, die theologische Bedeutung und die praktischen Anwendungen des Priestertums und beleuchtet seine Bedeutung in der heutigen Welt.<\/p>\n\n\n\n<hr class=\"wp-block-separator has-alpha-channel-opacity\"\/>\n\n\n\n<h2 class=\"wp-block-heading\"><strong>Eine Berufung seit den Urzeiten<\/strong><\/h2>\n\n\n\n<p>Das Konzept des Priestertums ist nicht ausschlie\u00dflich christlich. Seit Anbeginn der Menschheit finden sich Figuren, die als Vermittler zwischen dem G\u00f6ttlichen und dem Menschlichen agieren. Im Alten Testament nimmt das Priestertum eine spezifische Gestalt in der Figur Aarons, des ersten Hohepriesters, und seiner Nachkommen an. Diese M\u00e4nner waren geweiht, Gott im Heiligtum zu dienen, Opfer im Namen des Volkes darzubringen und die Gemeinschaft mit dem Herrn zu sichern.<\/p>\n\n\n\n<h3 class=\"wp-block-heading\"><strong>Symbolik des Priestertums im Alten Testament<\/strong><\/h3>\n\n\n\n<ol class=\"wp-block-list\">\n<li><strong>Die priesterlichen Gew\u00e4nder<\/strong>: Aarons Kleidung war reich an Bedeutung. Der Brustschild mit zw\u00f6lf Steinen symbolisierte die zw\u00f6lf St\u00e4mme Israels und zeigte, dass der Priester das gesamte Volk in seinem Herzen trug.<\/li>\n\n\n\n<li><strong>Das Salb\u00f6l<\/strong>: Die Salbung mit \u00d6l kennzeichnete den Priester als f\u00fcr Gott auserw\u00e4hlt, ein Zeichen der Weihe und Heiligkeit.<\/li>\n\n\n\n<li><strong>Das Opfer<\/strong>: Die von Priestern dargebrachten Opfer waren ein Vorausbild des vollkommenen Opfers Christi und wiesen auf das ewige Priestertum des Messias hin.<\/li>\n<\/ol>\n\n\n\n<hr class=\"wp-block-separator has-alpha-channel-opacity\"\/>\n\n\n\n<h2 class=\"wp-block-heading\"><strong>Das Priestertum in Christus: Der ewige Hohepriester<\/strong><\/h2>\n\n\n\n<p>Mit der Menschwerdung Jesu Christi erreicht das Priestertum seine Erf\u00fcllung. Christus ist nicht nur Priester, sondern auch Opfer und Altar. Sein Opfer am Kreuz ist einzigartig, vollkommen und ewig und erf\u00fcllt sowie \u00fcbertrifft alle Opfer des Alten Testaments. Als Mittler zwischen Gott und der Menschheit vers\u00f6hnt Jesus die Menschheit mit dem Vater und \u00f6ffnet die Tore des Heils.<\/p>\n\n\n\n<h3 class=\"wp-block-heading\"><strong>Symbolik Christi als Priester<\/strong><\/h3>\n\n\n\n<ol class=\"wp-block-list\">\n<li><strong>Das Lamm Gottes<\/strong>: Christus opfert sich selbst als makelloses Lamm, das die S\u00fcnden der Welt tr\u00e4gt.<\/li>\n\n\n\n<li><strong>Das nahtlose Gewand<\/strong>: W\u00e4hrend seiner Passion teilen die Soldaten sein Gewand nicht, ein Symbol f\u00fcr die Einheit des Priestertums und der Kirche.<\/li>\n\n\n\n<li><strong>Das ewige Opfer<\/strong>: In jeder Eucharistie wird das einmalige Opfer Christi gegenw\u00e4rtig, wobei der Priester <em>in persona Christi<\/em> handelt.<\/li>\n<\/ol>\n\n\n\n<hr class=\"wp-block-separator has-alpha-channel-opacity\"\/>\n\n\n\n<h2 class=\"wp-block-heading\"><strong>Das Weihepriestertum: Teilhabe am Priestertum Christi<\/strong><\/h2>\n\n\n\n<p>In der katholischen Kirche ist das Weihepriestertum ein Sakrament, das von Christus beim Letzten Abendmahl eingesetzt wurde, als er sprach: <em>&#8222;Tut dies zu meinem Ged\u00e4chtnis&#8220;<\/em> (Lk 22,19). Durch das Sakrament der Weihe empf\u00e4ngt der Priester eine besondere Gnade, um im Namen Christi zu handeln, insbesondere bei der Feier der Sakramente.<\/p>\n\n\n\n<h3 class=\"wp-block-heading\"><strong>Wesentliche Aufgaben des Priesters<\/strong><\/h3>\n\n\n\n<ol class=\"wp-block-list\">\n<li><strong>Die Eucharistie feiern<\/strong>: Der Priester konsekriert Brot und Wein und macht Christus wahrhaft und substantiell gegenw\u00e4rtig.<\/li>\n\n\n\n<li><strong>S\u00fcnden vergeben<\/strong>: Im Sakrament der Vers\u00f6hnung vergibt der Priester als Mittler der g\u00f6ttlichen Barmherzigkeit die S\u00fcnden.<\/li>\n\n\n\n<li><strong>Geistliche Begleitung<\/strong>: Priester leiten, lehren und tr\u00f6sten das Volk Gottes und dienen als Vorbilder des Glaubens und der N\u00e4chstenliebe.<\/li>\n<\/ol>\n\n\n\n<hr class=\"wp-block-separator has-alpha-channel-opacity\"\/>\n\n\n\n<h2 class=\"wp-block-heading\"><strong>Die Herausforderungen des Priestertums in der heutigen Welt<\/strong><\/h2>\n\n\n\n<p>Im 21. Jahrhundert steht das Priestertum vor einzigartigen Herausforderungen. S\u00e4kularisierung, Berufungskrisen und Skandale innerhalb der Kirche haben die Sch\u00f6nheit und Bedeutung dieser Berufung getr\u00fcbt. Dennoch bleibt das Priestertum ein wesentlicher Ruf, ein Licht inmitten der Dunkelheit.<\/p>\n\n\n\n<h3 class=\"wp-block-heading\"><strong>Antworten auf zeitgen\u00f6ssische Herausforderungen<\/strong><\/h3>\n\n\n\n<ol class=\"wp-block-list\">\n<li><strong>Umfassende Ausbildung<\/strong>: Priesterseminare m\u00fcssen heilige, menschliche und auf die Komplexit\u00e4t der modernen Welt vorbereitete Priester ausbilden.<\/li>\n\n\n\n<li><strong>Transparenz und Demut<\/strong>: In einer Welt, die von Misstrauen verletzt ist, sind Priester aufgerufen, Beispiele f\u00fcr Integrit\u00e4t und Dienst zu sein.<\/li>\n\n\n\n<li><strong>Neuevangelisierung<\/strong>: Der Priester muss eine Br\u00fccke zwischen Glauben und Kultur schlagen und neue Werkzeuge nutzen, um die Seelen zu erreichen.<\/li>\n<\/ol>\n\n\n\n<hr class=\"wp-block-separator has-alpha-channel-opacity\"\/>\n\n\n\n<h2 class=\"wp-block-heading\"><strong>Das gemeinsame Priestertum und sein Verh\u00e4ltnis zum Weihepriestertum<\/strong><\/h2>\n\n\n\n<p>Es ist wichtig, zwischen dem Weihepriestertum und dem gemeinsamen Priestertum der Gl\u00e4ubigen zu unterscheiden. Durch die Taufe haben alle Christen Anteil am Priestertum Christi und sind aufgerufen, ihr Leben als geistliches Opfer darzubringen. Das Weihepriestertum hingegen ist einzigartig, sakramental darauf ausgerichtet, im Namen Christi zu handeln.<\/p>\n\n\n\n<hr class=\"wp-block-separator has-alpha-channel-opacity\"\/>\n\n\n\n<h2 class=\"wp-block-heading\"><strong>Praktische Anwendungen: H\u00fcter der Gnade im Alltag<\/strong><\/h2>\n\n\n\n<h3 class=\"wp-block-heading\">F\u00fcr Priester:<\/h3>\n\n\n\n<ul class=\"wp-block-list\">\n<li><strong>St\u00e4rkung des pers\u00f6nlichen Gebets<\/strong>: Die N\u00e4he zu Gott ist die Quelle eines jeden fruchtbaren Dienstes.<\/li>\n\n\n\n<li><strong>Seelsorgerliche N\u00e4he<\/strong>: In einer zerrissenen Welt sind N\u00e4he und Mitgef\u00fchl beredte Zeugnisse der Liebe Christi.<\/li>\n<\/ul>\n\n\n\n<h3 class=\"wp-block-heading\">F\u00fcr Laien:<\/h3>\n\n\n\n<ul class=\"wp-block-list\">\n<li><strong>Unterst\u00fctzung der Priester<\/strong>: F\u00fcr sie beten, ihren Dienst sch\u00e4tzen und in der Mission der Evangelisierung mitarbeiten.<\/li>\n\n\n\n<li><strong>Das gemeinsame Priestertum leben<\/strong>: Arbeit, Leid und Freuden als Opfer darbringen, die Gott wohlgef\u00e4llig sind.<\/li>\n<\/ul>\n\n\n\n<hr class=\"wp-block-separator has-alpha-channel-opacity\"\/>\n\n\n\n<h2 class=\"wp-block-heading\"><strong>Schlussfolgerung<\/strong><\/h2>\n\n\n\n<p>Das Priestertum in seinen ministeriellen und gemeinsamen Dimensionen ist ein kostbares Geschenk f\u00fcr die Kirche. Priester sind Diener der g\u00f6ttlichen Gnade, H\u00fcter der Sakramente und Hirten, die die Menschheit zu einer Begegnung mit Gott f\u00fchren. In einer Welt, die verzweifelt Hoffnung und Orientierung braucht, ist ihre Mission relevanter denn je. Indem wir diese Berufung verstehen und wertsch\u00e4tzen, sind alle Gl\u00e4ubigen aufgerufen, Priester zu unterst\u00fctzen und zu begleiten, um gemeinsam am Heilsplan Gottes mitzuwirken.<\/p>\n","protected":false},"excerpt":{"rendered":"<p>Die Gestalt des Priesters ist von grundlegender Bedeutung im Leben der katholischen Kirche. Seine Mission geht weit \u00fcber das Vorstehen religi\u00f6ser Zeremonien hinaus: Er ist Diener der g\u00f6ttlichen Gnade, H\u00fcter der Sakramente und Hirte, der das Volk Gottes auf seiner irdischen Pilgerreise zum ewigen Leben f\u00fchrt. Dieser Artikel untersucht die Geschichte, die Symbolik, die theologische &hellip;<\/p>\n","protected":false},"author":3,"featured_media":1464,"comment_status":"open","ping_status":"open","sticky":false,"template":"","format":"standard","meta":{"_seopress_robots_primary_cat":"","_seopress_titles_title":"","_seopress_titles_desc":"","_seopress_robots_index":"","footnotes":""},"categories":[37,46],"tags":[329],"class_list":["post-1463","post","type-post","status-publish","format-standard","has-post-thumbnail","","category-lehre-und-glaube","category-sakramente","tag-priester"],"_links":{"self":[{"href":"https:\/\/catholicus.eu\/de\/wp-json\/wp\/v2\/posts\/1463","targetHints":{"allow":["GET"]}}],"collection":[{"href":"https:\/\/catholicus.eu\/de\/wp-json\/wp\/v2\/posts"}],"about":[{"href":"https:\/\/catholicus.eu\/de\/wp-json\/wp\/v2\/types\/post"}],"author":[{"embeddable":true,"href":"https:\/\/catholicus.eu\/de\/wp-json\/wp\/v2\/users\/3"}],"replies":[{"embeddable":true,"href":"https:\/\/catholicus.eu\/de\/wp-json\/wp\/v2\/comments?post=1463"}],"version-history":[{"count":1,"href":"https:\/\/catholicus.eu\/de\/wp-json\/wp\/v2\/posts\/1463\/revisions"}],"predecessor-version":[{"id":1465,"href":"https:\/\/catholicus.eu\/de\/wp-json\/wp\/v2\/posts\/1463\/revisions\/1465"}],"wp:featuredmedia":[{"embeddable":true,"href":"https:\/\/catholicus.eu\/de\/wp-json\/wp\/v2\/media\/1464"}],"wp:attachment":[{"href":"https:\/\/catholicus.eu\/de\/wp-json\/wp\/v2\/media?parent=1463"}],"wp:term":[{"taxonomy":"category","embeddable":true,"href":"https:\/\/catholicus.eu\/de\/wp-json\/wp\/v2\/categories?post=1463"},{"taxonomy":"post_tag","embeddable":true,"href":"https:\/\/catholicus.eu\/de\/wp-json\/wp\/v2\/tags?post=1463"}],"curies":[{"name":"wp","href":"https:\/\/api.w.org\/{rel}","templated":true}]}}