{"id":1420,"date":"2024-11-24T00:38:07","date_gmt":"2024-11-23T23:38:07","guid":{"rendered":"https:\/\/catholicus.eu\/de\/?p=1420"},"modified":"2024-11-24T00:38:07","modified_gmt":"2024-11-23T23:38:07","slug":"das-fest-christi-des-koenigs-geschichte-bedeutung-und-aktuelle-relevanz","status":"publish","type":"post","link":"https:\/\/catholicus.eu\/de\/das-fest-christi-des-koenigs-geschichte-bedeutung-und-aktuelle-relevanz\/","title":{"rendered":"Das Fest Christi des K\u00f6nigs: Geschichte, Bedeutung und aktuelle Relevanz"},"content":{"rendered":"\n<p>Das Hochfest Christi des K\u00f6nigs, offiziell bekannt als <strong>Hochfest unseres Herrn Jesus Christus, K\u00f6nig des Universums<\/strong>, ist eines der j\u00fcngsten Feste im katholischen liturgischen Kalender. Dennoch hat es tiefgehende theologische und spirituelle Wurzeln. Es wird am letzten Sonntag im Jahreskreis gefeiert, unmittelbar vor Beginn des Advents, und l\u00e4dt uns ein, \u00fcber die K\u00f6nigsherrschaft Christi nachzudenken \u2013 nicht nur im eschatologischen Sinn, sondern auch in unserem t\u00e4glichen Leben und in der heutigen Welt.<\/p>\n\n\n\n<p>In diesem Artikel werfen wir einen Blick auf die Geschichte dieses Festes, seine theologische Bedeutung, die damit verbundenen Symbole und darauf, wie wir dieses Hochfest im Kontext unseres Glaubens und Alltagslebens begehen k\u00f6nnen.<\/p>\n\n\n\n<hr class=\"wp-block-separator has-alpha-channel-opacity\"\/>\n\n\n\n<h2 class=\"wp-block-heading\"><strong>Die Geschichte des Hochfestes Christi des K\u00f6nigs<\/strong><\/h2>\n\n\n\n<p>Das Fest Christi des K\u00f6nigs wurde 1925 von Papst Pius XI. durch die Enzyklika <em>Quas Primas<\/em> eingef\u00fchrt. Um die Bedeutung dieser Entscheidung zu verstehen, ist der historische Kontext entscheidend.<\/p>\n\n\n\n<h3 class=\"wp-block-heading\"><strong>Eine Welt in der Krise<\/strong><\/h3>\n\n\n\n<p>Im Jahr 1925 befand sich die Welt in einer Zeit gro\u00dfer Spannungen. Die Nachwirkungen des Ersten Weltkriegs hatten die Menschheit in ein Klima von Misstrauen, \u00fcbersteigertem Nationalismus und wirtschaftlichen Krisen gest\u00fcrzt. Gleichzeitig gewann der S\u00e4kularismus an Boden, indem er die Religion in den privaten Bereich verdr\u00e4ngte und Ideologien f\u00f6rderte, die die Souver\u00e4nit\u00e4t Gottes leugneten, wie Kommunismus, Faschismus und Materialismus.<\/p>\n\n\n\n<p>Papst Pius XI. wollte mit der Einf\u00fchrung des Hochfestes Christi des K\u00f6nigs die Gl\u00e4ubigen daran erinnern, dass Christus nicht nur im Himmel, sondern auch auf Erden regiert. Der Papst verk\u00fcndete, dass die Autorit\u00e4t Christi universell ist und alle Nationen, Kulturen und politischen Systeme umfasst. Sein K\u00f6nigreich ist kein Reich der Unterdr\u00fcckung, sondern eines der Gerechtigkeit, des Friedens und der Liebe.<\/p>\n\n\n\n<h3 class=\"wp-block-heading\"><strong>Der Platz im liturgischen Kalender<\/strong><\/h3>\n\n\n\n<p>Anfangs wurde das Fest am letzten Sonntag im Oktober gefeiert. Nach den liturgischen Reformen des Zweiten Vatikanischen Konzils wurde es jedoch auf den letzten Sonntag im Jahreskreis verlegt, wodurch es den H\u00f6hepunkt des liturgischen Jahres markiert. Diese \u00c4nderung unterstreicht die eschatologische Dimension der K\u00f6nigsherrschaft Christi, die am Ende der Zeiten vollendet wird.<\/p>\n\n\n\n<hr class=\"wp-block-separator has-alpha-channel-opacity\"\/>\n\n\n\n<h2 class=\"wp-block-heading\"><strong>Die theologische Bedeutung Christi des K\u00f6nigs<\/strong><\/h2>\n\n\n\n<h3 class=\"wp-block-heading\"><strong>Christus als universeller K\u00f6nig<\/strong><\/h3>\n\n\n\n<p>Der Titel \u201eK\u00f6nig\u201c, der Jesus zugeschrieben wird, hat tiefe biblische Wurzeln. Im Alten Testament prophezeiten die Propheten das Kommen eines Messias-K\u00f6nigs:<\/p>\n\n\n\n<ul class=\"wp-block-list\">\n<li><strong>Jesaja 9,5-6<\/strong> verk\u00fcndet: \u201eDie Herrschaft ruht auf seiner Schulter; sein Name ist: Wunderbarer Ratgeber, Starker Gott, Ewiger Vater, Friedensf\u00fcrst.\u201c<\/li>\n\n\n\n<li><strong>Sacharja 9,9<\/strong> beschreibt einen dem\u00fctigen K\u00f6nig, der auf einem Esel reitet, was Jesu Einzug in Jerusalem vorwegnimmt.<\/li>\n<\/ul>\n\n\n\n<p>Im Neuen Testament wird die K\u00f6nigsherrschaft Christi voll offenbart. Vor Pilatus erkl\u00e4rt Jesus:<br><em>\u201eMein K\u00f6nigtum ist nicht von dieser Welt\u201c<\/em> (Johannes 18,36). Diese Aussage bedeutet nicht, dass sein Reich auf Erden irrelevant ist, sondern dass es nicht nach den Ma\u00dfst\u00e4ben menschlicher Macht funktioniert. Sein Reich basiert auf Wahrheit, Gerechtigkeit und Liebe.<\/p>\n\n\n\n<h3 class=\"wp-block-heading\"><strong>Ein Reich des Dienstes und des Opfers<\/strong><\/h3>\n\n\n\n<p>Im Gegensatz zu irdischen K\u00f6nigen, die ihre Macht durch Herrschaft aus\u00fcben, regiert Christus vom Kreuz herab. Das Kreuz, ein Symbol der Erniedrigung in den Augen der Welt, ist der Thron, von dem aus Jesus seine Autorit\u00e4t aus\u00fcbt. Seine Krone besteht nicht aus Gold, sondern aus Dornen, und sein Zepter sind nicht Befehlsst\u00e4be, sondern die N\u00e4gel, die seine H\u00e4nde durchbohrten.<\/p>\n\n\n\n<p>Die K\u00f6nigsherrschaft Christi erinnert uns daran, dass wahre F\u00fchrung im Dienst liegt:<br><em>\u201eDer Menschensohn ist nicht gekommen, um sich dienen zu lassen, sondern um zu dienen und sein Leben hinzugeben als L\u00f6segeld f\u00fcr viele\u201c<\/em> (Markus 10,45).<\/p>\n\n\n\n<hr class=\"wp-block-separator has-alpha-channel-opacity\"\/>\n\n\n\n<h2 class=\"wp-block-heading\"><strong>Die Symbole des Festes Christi des K\u00f6nigs<\/strong><\/h2>\n\n\n\n<h3 class=\"wp-block-heading\"><strong>Der Thron<\/strong><\/h3>\n\n\n\n<p>Der Thron Christi ist das Kreuz, das uns daran erinnert, dass seine Herrschaft nicht auf Unterdr\u00fcckung, sondern auf erl\u00f6sender Liebe basiert.<\/p>\n\n\n\n<h3 class=\"wp-block-heading\"><strong>Die Krone<\/strong><\/h3>\n\n\n\n<p>Die Dornenkrone symbolisiert das Leiden und die Dem\u00fctigung, die Christus f\u00fcr unsere Erl\u00f6sung ertrug. Gleichzeitig weist sie auf die Krone der Herrlichkeit hin, die er als K\u00f6nig des Universums erh\u00e4lt.<\/p>\n\n\n\n<h3 class=\"wp-block-heading\"><strong>Das Zepter<\/strong><\/h3>\n\n\n\n<p>In der christlichen Ikonografie wird das Zepter Christi oft als Hirtenstab dargestellt, der uns daran erinnert, dass er der Gute Hirte ist, der sein Volk mit Sanftmut f\u00fchrt.<\/p>\n\n\n\n<h3 class=\"wp-block-heading\"><strong>Das Gewand<\/strong><\/h3>\n\n\n\n<p>Das k\u00f6nigliche Gewand, das in Darstellungen von Christus als K\u00f6nig h\u00e4ufig vorkommt, symbolisiert die Gerechtigkeit und Heiligkeit seines Reiches.<\/p>\n\n\n\n<hr class=\"wp-block-separator has-alpha-channel-opacity\"\/>\n\n\n\n<h2 class=\"wp-block-heading\"><strong>Die Relevanz Christi des K\u00f6nigs in der heutigen Welt<\/strong><\/h2>\n\n\n\n<h3 class=\"wp-block-heading\"><strong>Ein Aufruf zur Hoffnung<\/strong><\/h3>\n\n\n\n<p>In einer Welt voller Spaltungen, Kriege, Ungerechtigkeiten und der unaufh\u00f6rlichen Suche nach Macht l\u00e4dt das Hochfest Christi des K\u00f6nigs uns ein, auf ein K\u00f6nigreich zu schauen, das ewig Bestand hat.<\/p>\n\n\n\n<p>Die K\u00f6nigsherrschaft Christi erinnert uns daran, dass das letzte Wort nicht den politischen, wirtschaftlichen oder sozialen Systemen geh\u00f6rt, sondern Gott. Diese Wahrheit schenkt uns Hoffnung inmitten von Widrigkeiten.<\/p>\n\n\n\n<h3 class=\"wp-block-heading\"><strong>Eine Herausforderung f\u00fcr die Gl\u00e4ubigen<\/strong><\/h3>\n\n\n\n<p>Christus als K\u00f6nig anzuerkennen bedeutet, seine Souver\u00e4nit\u00e4t in jedem Bereich unseres Lebens zu akzeptieren:<\/p>\n\n\n\n<ol class=\"wp-block-list\">\n<li><strong>In unseren pers\u00f6nlichen Entscheidungen<\/strong>: Handeln wir nach den Werten des Evangeliums?<\/li>\n\n\n\n<li><strong>In unseren Beziehungen<\/strong>: F\u00f6rdern wir Gerechtigkeit, Frieden und Vergebung?<\/li>\n\n\n\n<li><strong>In der Gesellschaft<\/strong>: Arbeiten wir daran, eine menschlichere und solidarischere Welt zu schaffen?<\/li>\n<\/ol>\n\n\n\n<hr class=\"wp-block-separator has-alpha-channel-opacity\"\/>\n\n\n\n<h2 class=\"wp-block-heading\"><strong>Das Hochfest Christi des K\u00f6nigs leben<\/strong><\/h2>\n\n\n\n<h3 class=\"wp-block-heading\"><strong>Erneuerung unseres Glaubens<\/strong><\/h3>\n\n\n\n<p>Das Fest Christi des K\u00f6nigs bietet eine Gelegenheit, unser Engagement f\u00fcr Jesus zu erneuern. Wir k\u00f6nnen dies tun durch:<\/p>\n\n\n\n<ul class=\"wp-block-list\">\n<li><strong>Die Eucharistie<\/strong>, indem wir bekennen, dass Christus das Zentrum unseres Lebens ist.<\/li>\n\n\n\n<li><strong>Die Anbetung des Allerheiligsten<\/strong>, indem wir seine reale und herrschende Gegenwart anerkennen.<\/li>\n\n\n\n<li><strong>Das Gebet<\/strong>, in dem wir darum bitten, dass sein Reich in uns und in der Welt Wirklichkeit wird.<\/li>\n<\/ul>\n\n\n\n<h3 class=\"wp-block-heading\"><strong>Engagement f\u00fcr die Schw\u00e4chsten<\/strong><\/h3>\n\n\n\n<p>Christus als K\u00f6nig anzuerkennen bedeutet auch, ihn in den Schw\u00e4chsten und Bed\u00fcrftigsten zu sehen. Wie er selbst sagte:<br><em>\u201eWas ihr f\u00fcr einen meiner geringsten Br\u00fcder getan habt, das habt ihr mir getan\u201c<\/em> (Matth\u00e4us 25,40).<\/p>\n\n\n\n<h3 class=\"wp-block-heading\"><strong>Zeugnis im Alltag<\/strong><\/h3>\n\n\n\n<p>Christus als K\u00f6nig zu bekennen ist nicht nur ein liturgischer Akt, sondern ein Aufruf, unseren Glauben in jedem Lebensbereich konsequent zu leben \u2013 in der Familie, bei der Arbeit und in der Gemeinschaft.<\/p>\n\n\n\n<hr class=\"wp-block-separator has-alpha-channel-opacity\"\/>\n\n\n\n<h2 class=\"wp-block-heading\"><strong>Schlussfolgerung<\/strong><\/h2>\n\n\n\n<p>Das Hochfest Christi des K\u00f6nigs ist weit mehr als eine liturgische Feier; es ist ein Bekenntnis von Glaube, Hoffnung und Liebe. In einer Welt, die oft in den L\u00e4rm von Macht und Ideologien versinkt, erinnert uns dieses Fest daran, dass nur in Christus das wahre Leben seinen Sinn findet.<\/p>\n\n\n\n<p>Jesus als K\u00f6nig des Universums anzuerkennen, ist nicht nur ein Akt der Verehrung, sondern ein Bekenntnis zu einem Reich, das Herzen, Gemeinschaften und Gesellschaften verwandelt. W\u00e4hrend wir dieses Hochfest feiern, \u00f6ffnen wir unser Herz, damit er in unserem Leben regieren kann und uns zu einer Welt der Gerechtigkeit, des Friedens und der Liebe f\u00fchrt.<\/p>\n","protected":false},"excerpt":{"rendered":"<p>Das Hochfest Christi des K\u00f6nigs, offiziell bekannt als Hochfest unseres Herrn Jesus Christus, K\u00f6nig des Universums, ist eines der j\u00fcngsten Feste im katholischen liturgischen Kalender. Dennoch hat es tiefgehende theologische und spirituelle Wurzeln. Es wird am letzten Sonntag im Jahreskreis gefeiert, unmittelbar vor Beginn des Advents, und l\u00e4dt uns ein, \u00fcber die K\u00f6nigsherrschaft Christi nachzudenken &hellip;<\/p>\n","protected":false},"author":3,"featured_media":1421,"comment_status":"open","ping_status":"open","sticky":false,"template":"","format":"standard","meta":{"_seopress_robots_primary_cat":"","_seopress_titles_title":"","_seopress_titles_desc":"","_seopress_robots_index":"","footnotes":""},"categories":[38,52],"tags":[333],"class_list":["post-1420","post","type-post","status-publish","format-standard","has-post-thumbnail","","category-geschichte-und-tradition","category-liturgie-und-kirchenjahr","tag-christi-des-koenigs"],"_links":{"self":[{"href":"https:\/\/catholicus.eu\/de\/wp-json\/wp\/v2\/posts\/1420","targetHints":{"allow":["GET"]}}],"collection":[{"href":"https:\/\/catholicus.eu\/de\/wp-json\/wp\/v2\/posts"}],"about":[{"href":"https:\/\/catholicus.eu\/de\/wp-json\/wp\/v2\/types\/post"}],"author":[{"embeddable":true,"href":"https:\/\/catholicus.eu\/de\/wp-json\/wp\/v2\/users\/3"}],"replies":[{"embeddable":true,"href":"https:\/\/catholicus.eu\/de\/wp-json\/wp\/v2\/comments?post=1420"}],"version-history":[{"count":1,"href":"https:\/\/catholicus.eu\/de\/wp-json\/wp\/v2\/posts\/1420\/revisions"}],"predecessor-version":[{"id":1422,"href":"https:\/\/catholicus.eu\/de\/wp-json\/wp\/v2\/posts\/1420\/revisions\/1422"}],"wp:featuredmedia":[{"embeddable":true,"href":"https:\/\/catholicus.eu\/de\/wp-json\/wp\/v2\/media\/1421"}],"wp:attachment":[{"href":"https:\/\/catholicus.eu\/de\/wp-json\/wp\/v2\/media?parent=1420"}],"wp:term":[{"taxonomy":"category","embeddable":true,"href":"https:\/\/catholicus.eu\/de\/wp-json\/wp\/v2\/categories?post=1420"},{"taxonomy":"post_tag","embeddable":true,"href":"https:\/\/catholicus.eu\/de\/wp-json\/wp\/v2\/tags?post=1420"}],"curies":[{"name":"wp","href":"https:\/\/api.w.org\/{rel}","templated":true}]}}