{"id":1395,"date":"2024-11-21T22:58:52","date_gmt":"2024-11-21T21:58:52","guid":{"rendered":"https:\/\/catholicus.eu\/de\/?p=1395"},"modified":"2024-11-21T22:58:52","modified_gmt":"2024-11-21T21:58:52","slug":"katholische-bildung-die-bedeutung-der-formung-von-herz-und-verstand","status":"publish","type":"post","link":"https:\/\/catholicus.eu\/de\/katholische-bildung-die-bedeutung-der-formung-von-herz-und-verstand\/","title":{"rendered":"Katholische Bildung: Die Bedeutung der Formung von Herz und Verstand"},"content":{"rendered":"\n<p>Die katholische Bildung war seit den Anf\u00e4ngen des Christentums ein wesentlicher Grundpfeiler f\u00fcr die Weitergabe des Glaubens und die F\u00f6rderung des Gemeinwohls. In einer zunehmend s\u00e4kularisierten Welt, in der christliche Werte und Prinzipien oft an den Rand gedr\u00e4ngt werden, ist die ganzheitliche Formung von Individuen \u2013 in Herz und Verstand \u2013 dringender denn je. Doch was bedeutet katholische Bildung wirklich? Warum ist sie so wichtig, und wie kann sie nicht nur Einzelpersonen, sondern auch Familien, Gemeinschaften und ganze Gesellschaften ver\u00e4ndern?<\/p>\n\n\n\n<h2 class=\"wp-block-heading\"><strong>Ein historischer Blick auf die katholische Bildung<\/strong><\/h2>\n\n\n\n<p>Seit ihren Anf\u00e4ngen hat sich die Kirche f\u00fcr Bildung eingesetzt. Die ersten mittelalterlichen Kl\u00f6ster waren nicht nur spirituelle Zentren, sondern auch kulturelle und bildende Orte. Dort wurden Manuskripte abgeschrieben und Theologie, Philosophie, klassische Literatur und Naturwissenschaften studiert. Mit der Zeit entstanden die ersten katholischen Universit\u00e4ten, wie die von Bologna, Paris und Salamanca, die die Grundlage des modernen Denkens schufen.<\/p>\n\n\n\n<p>In Lateinamerika f\u00fchrten Ordensgemeinschaften wie die Jesuiten, Franziskaner und Dominikaner die Evangelisierung durch Bildung an und gr\u00fcndeten Schulen und Universit\u00e4ten, die bis heute von gro\u00dfer Bedeutung sind. Dieses historische Erbe zeigt, dass die Kirche immer bestrebt war, nicht nur Wissen zu vermitteln, sondern auch ganzheitliche Pers\u00f6nlichkeiten zu formen: Menschen, die Gott lieben, anderen dienen und zur Entwicklung der Welt beitragen k\u00f6nnen.<\/p>\n\n\n\n<h2 class=\"wp-block-heading\"><strong>Die theologische Dimension: Bilden als Akt der Liebe<\/strong><\/h2>\n\n\n\n<p>Aus theologischer Sicht ist Bildung nicht nur die Weitergabe von Fakten oder F\u00e4higkeiten. Sie ist ein Akt der Liebe, der darauf abzielt, jede Person zu der F\u00fclle ihrer Menschlichkeit in Christus zu f\u00fchren. Der <em>Katechismus der Katholischen Kirche<\/em> (Nr. 2221) erkl\u00e4rt, dass \u201edie Erziehung eine vorrangige Aufgabe der Eltern ist\u201c, die ihre Kinder lehren sollen, Gott und den N\u00e4chsten zu lieben, indem sie sowohl moralische als auch intellektuelle Tugenden f\u00f6rdern.<\/p>\n\n\n\n<p>Papst Johannes Paul II. vertiefte diesen Gedanken, indem er sagte: \u201eErziehung kann sich nicht auf die Vermittlung von Wissen beschr\u00e4nken; sie muss Herzen formen, die lieben k\u00f6nnen, Geister, die f\u00fcr die Wahrheit offen sind, und Willen, die auf das Gute ausgerichtet sind.\u201c In diesem Sinne spiegelt Bildung den sch\u00f6pferischen Akt Gottes wider, der den Menschen dazu formt, Ihn zu erkennen, zu lieben und zu dienen.<\/p>\n\n\n\n<h3 class=\"wp-block-heading\"><strong>Das Herz und der Verstand: Untrennbare Dimensionen<\/strong><\/h3>\n\n\n\n<p>Die katholische Bildung betont die ganzheitliche Formung des Menschen: K\u00f6rper, Seele und Geist. Dies bedeutet, sowohl die intellektuelle Entwicklung als auch das spirituelle und emotionale Wachstum zu f\u00f6rdern.<\/p>\n\n\n\n<ul class=\"wp-block-list\">\n<li><strong>Formung des Herzens:<\/strong> Dies bedeutet, Tugend, Empathie, Liebe zu anderen und den Wunsch zu dienen, zu f\u00f6rdern. Dies geschieht durch die F\u00f6rderung christlicher Werte wie N\u00e4chstenliebe, Gerechtigkeit und Solidarit\u00e4t.<\/li>\n\n\n\n<li><strong>Formung des Verstandes:<\/strong> Dies bedeutet, durch Studium und Reflexion nach der Wahrheit zu suchen. Die Kirche lehrt, dass Glaube und Vernunft nicht im Widerspruch zueinander stehen, sondern sich erg\u00e4nzen. Wie Thomas von Aquin sagte: \u201eDie Wahrheit ist eins, auch wenn sie aus verschiedenen Perspektiven betrachtet wird.\u201c<\/li>\n<\/ul>\n\n\n\n<p>Wenn diese beiden Dimensionen zusammen entwickelt werden, entsteht eine Harmonie, die es den Menschen erm\u00f6glicht, ihren Glauben authentisch zu leben und zum Gemeinwohl beizutragen.<\/p>\n\n\n\n<h2 class=\"wp-block-heading\"><strong>Der aktuelle Kontext: Herausforderungen und Chancen<\/strong><\/h2>\n\n\n\n<p>Im 21. Jahrhundert steht die katholische Bildung vor zahlreichen Herausforderungen, darunter:<\/p>\n\n\n\n<ol class=\"wp-block-list\">\n<li><strong>S\u00e4kularisierung:<\/strong> Viele Schulen und Universit\u00e4ten, auch solche mit katholischem Hintergrund, f\u00fchlen sich gezwungen, ihre Prinzipien aufzugeben, um sich an s\u00e4kulare kulturelle Standards anzupassen.<\/li>\n\n\n\n<li><strong>Moralischer Relativismus:<\/strong> In einer Welt, die eine \u201eLeben und leben lassen\u201c-Philosophie propagiert, werden absolute Werte wie das Gute, die Wahrheit und die Sch\u00f6nheit oft abgelehnt.<\/li>\n\n\n\n<li><strong>Technologie und soziale Medien:<\/strong> Obwohl sie Chancen f\u00fcr die Evangelisierung bieten, setzen sie Kinder und Jugendliche auch Inhalten aus, die ihr Weltbild und ihr Selbstverst\u00e4ndnis verzerren k\u00f6nnen.<\/li>\n<\/ol>\n\n\n\n<p>Diese Herausforderungen sind jedoch auch Chancen. Die katholische Bildung kann eine alternative Vision anbieten, die auf der W\u00fcrde der Person, dem Respekt vor der Sch\u00f6pfung und der christlichen Hoffnung basiert.<\/p>\n\n\n\n<h2 class=\"wp-block-heading\"><strong>Praktische Anwendungen: Katholische Bildung im Alltag leben<\/strong><\/h2>\n\n\n\n<p>Katholische Bildung ist nicht auf Klassenzimmer beschr\u00e4nkt; sie ist eine Mission, die in jedem Zuhause, jeder Pfarrei und jeder Gemeinschaft gelebt wird. Hier sind einige praktische M\u00f6glichkeiten, ihre Prinzipien anzuwenden:<\/p>\n\n\n\n<ol class=\"wp-block-list\">\n<li><strong>Im Zuhause:<\/strong>\n<ul class=\"wp-block-list\">\n<li>R\u00e4ume f\u00fcr Gebet und famili\u00e4ren Dialog schaffen.<\/li>\n\n\n\n<li>Die Bibellekt\u00fcre und die Teilnahme am sakramentalen Leben f\u00f6rdern.<\/li>\n\n\n\n<li>Kindern und Jugendlichen helfen, durch Reflexion \u00fcber die Auswirkungen ihrer Entscheidungen Unterscheidungsverm\u00f6gen zu entwickeln.<\/li>\n<\/ul>\n<\/li>\n\n\n\n<li><strong>In der Schule:<\/strong>\n<ul class=\"wp-block-list\">\n<li>Sicherstellen, dass Lehrpl\u00e4ne sowohl akademisches Wissen als auch christliche Werte f\u00f6rdern.<\/li>\n\n\n\n<li>Umgebungen schaffen, in denen der Glaube gelebt wird: durch liturgische Feiern, karitative Aktivit\u00e4ten und Momente der spirituellen Reflexion.<\/li>\n<\/ul>\n<\/li>\n\n\n\n<li><strong>In der Gemeinschaft:<\/strong>\n<ul class=\"wp-block-list\">\n<li>An Katecheseprogrammen und kontinuierlicher Weiterbildung f\u00fcr Erwachsene teilnehmen.<\/li>\n\n\n\n<li>Die Praxis der N\u00e4chstenliebe durch Freiwilligenarbeit und Werke der Barmherzigkeit f\u00f6rdern.<\/li>\n\n\n\n<li>Soziale Medien nutzen, um Bildungs- und Evangelisierungsinhalte zu teilen.<\/li>\n<\/ul>\n<\/li>\n<\/ol>\n\n\n\n<h2 class=\"wp-block-heading\"><strong>Schlussfolgerung: Bilden, um zu transformieren<\/strong><\/h2>\n\n\n\n<p>Katholische Bildung ist kein Luxus und keine sekund\u00e4re Option; sie ist eine dringende Notwendigkeit unserer Zeit. Indem sie Herzen und Verstand formt, werden die Samen einer gerechteren, solidarischeren und auf Gott ausgerichteten Gesellschaft ges\u00e4t. Jeder von uns ist berufen, ein Erzieher zu sein \u2013 ein Zeuge der Liebe Christi, die f\u00fchrt, inspiriert und Leben ver\u00e4ndert.<\/p>\n\n\n\n<p>Wie Papst Franziskus sagte: \u201eBildung ist ein Akt der Hoffnung.\u201c In die ganzheitliche Formung von Menschen, insbesondere der j\u00fcngeren Generationen, zu investieren, ehrt nicht nur unser Erbe als Kirche, sondern baut auch eine Zukunft, in der das Licht Christi in jedem Winkel der Welt leuchtet.<\/p>\n","protected":false},"excerpt":{"rendered":"<p>Die katholische Bildung war seit den Anf\u00e4ngen des Christentums ein wesentlicher Grundpfeiler f\u00fcr die Weitergabe des Glaubens und die F\u00f6rderung des Gemeinwohls. In einer zunehmend s\u00e4kularisierten Welt, in der christliche Werte und Prinzipien oft an den Rand gedr\u00e4ngt werden, ist die ganzheitliche Formung von Individuen \u2013 in Herz und Verstand \u2013 dringender denn je. Doch &hellip;<\/p>\n","protected":false},"author":3,"featured_media":1396,"comment_status":"open","ping_status":"open","sticky":false,"template":"","format":"standard","meta":{"_seopress_robots_primary_cat":"","_seopress_titles_title":"","_seopress_titles_desc":"","_seopress_robots_index":"","footnotes":""},"categories":[39,53],"tags":[324],"class_list":["post-1395","post","type-post","status-publish","format-standard","has-post-thumbnail","","category-moral-und-christliches-leben","category-soziallehre-der-kirche","tag-katholische-bildung"],"_links":{"self":[{"href":"https:\/\/catholicus.eu\/de\/wp-json\/wp\/v2\/posts\/1395","targetHints":{"allow":["GET"]}}],"collection":[{"href":"https:\/\/catholicus.eu\/de\/wp-json\/wp\/v2\/posts"}],"about":[{"href":"https:\/\/catholicus.eu\/de\/wp-json\/wp\/v2\/types\/post"}],"author":[{"embeddable":true,"href":"https:\/\/catholicus.eu\/de\/wp-json\/wp\/v2\/users\/3"}],"replies":[{"embeddable":true,"href":"https:\/\/catholicus.eu\/de\/wp-json\/wp\/v2\/comments?post=1395"}],"version-history":[{"count":1,"href":"https:\/\/catholicus.eu\/de\/wp-json\/wp\/v2\/posts\/1395\/revisions"}],"predecessor-version":[{"id":1397,"href":"https:\/\/catholicus.eu\/de\/wp-json\/wp\/v2\/posts\/1395\/revisions\/1397"}],"wp:featuredmedia":[{"embeddable":true,"href":"https:\/\/catholicus.eu\/de\/wp-json\/wp\/v2\/media\/1396"}],"wp:attachment":[{"href":"https:\/\/catholicus.eu\/de\/wp-json\/wp\/v2\/media?parent=1395"}],"wp:term":[{"taxonomy":"category","embeddable":true,"href":"https:\/\/catholicus.eu\/de\/wp-json\/wp\/v2\/categories?post=1395"},{"taxonomy":"post_tag","embeddable":true,"href":"https:\/\/catholicus.eu\/de\/wp-json\/wp\/v2\/tags?post=1395"}],"curies":[{"name":"wp","href":"https:\/\/api.w.org\/{rel}","templated":true}]}}