{"id":1383,"date":"2024-11-21T15:49:28","date_gmt":"2024-11-21T14:49:28","guid":{"rendered":"https:\/\/catholicus.eu\/de\/?p=1383"},"modified":"2024-11-21T15:49:28","modified_gmt":"2024-11-21T14:49:28","slug":"dogmen-ueber-die-schoepfung-der-welt-eine-tiefe-zugaengliche-und-zeitgemaesse-perspektive","status":"publish","type":"post","link":"https:\/\/catholicus.eu\/de\/dogmen-ueber-die-schoepfung-der-welt-eine-tiefe-zugaengliche-und-zeitgemaesse-perspektive\/","title":{"rendered":"Dogmen \u00fcber die Sch\u00f6pfung der Welt: Eine tiefe, zug\u00e4ngliche und zeitgem\u00e4\u00dfe Perspektive"},"content":{"rendered":"\n<p>Die Sch\u00f6pfung der Welt ist eines der faszinierendsten und grundlegendsten Themen des christlichen Glaubens. Dieses Geheimnis bildet die Grundlage unseres Verst\u00e4ndnisses von Gott, der Menschheit und dem Sinn des Lebens. In diesem Artikel werden wir die Dogmen zur Sch\u00f6pfung der Welt, ihre historische Entwicklung, ihre symbolische Tiefe und ihre Relevanz f\u00fcr unser heutiges Leben beleuchten. Ziel ist es, zu zeigen, wie diese Glaubenswahrheiten uns inspirieren, lehren und auf unserem spirituellen Weg leiten k\u00f6nnen.<\/p>\n\n\n\n<hr class=\"wp-block-separator has-alpha-channel-opacity\"\/>\n\n\n\n<h3 class=\"wp-block-heading\"><strong>I. Die biblischen Grundlagen der Sch\u00f6pfung<\/strong><\/h3>\n\n\n\n<p>Die Lehre von der Sch\u00f6pfung hat ihren Ursprung in den ersten Seiten der Bibel, insbesondere im Buch Genesis. Im ersten Kapitel lesen wir, wie Gott in einem Akt absoluter Liebe das Universum aus dem Nichts (<em>ex nihilo<\/em>) erschafft. Dieser Bericht ist reich an Symbolik und theologischer Tiefe:<\/p>\n\n\n\n<ol class=\"wp-block-list\">\n<li><strong>\u201eIm Anfang schuf Gott Himmel und Erde\u201c (Gen 1,1):<\/strong> Dieser einleitende Satz best\u00e4tigt ein fundamentales Dogma: Gott ist der einzige und absolute Sch\u00f6pfer von allem, was existiert. Nichts geht Gott voraus, und die gesamte Sch\u00f6pfung h\u00e4ngt vollst\u00e4ndig von Ihm ab.<\/li>\n\n\n\n<li><strong>Die sechs Sch\u00f6pfungstage:<\/strong> Obwohl sie nicht unbedingt w\u00f6rtlich interpretiert werden m\u00fcssen, symbolisieren die sechs Tage Ordnung und Zweck in Gottes Sch\u00f6pfungswerk. Jeder Tag endet mit dem Satz \u201eUnd Gott sah, dass es gut war\u201c, was die grundlegende G\u00fcte der gesamten Sch\u00f6pfung betont.<\/li>\n\n\n\n<li><strong>Der siebte Tag und Gottes Ruhe:<\/strong> Gottes Ruhe am Ende der Woche unterstreicht die Heiligkeit der Zeit und l\u00e4dt uns ein, Gott als Herrn des Universums anzuerkennen, indem wir Ihm Zeit f\u00fcr Anbetung und geistliche Ruhe widmen.<\/li>\n<\/ol>\n\n\n\n<h4 class=\"wp-block-heading\"><strong>Die Symbolik im Sch\u00f6pfungsbericht der Genesis<\/strong><\/h4>\n\n\n\n<ul class=\"wp-block-list\">\n<li><strong>Das Licht, das am ersten Tag erschaffen wurde:<\/strong> Es symbolisiert Gottes erste Handlung, das Chaos und die Dunkelheit zu vertreiben und den Beginn eines geordneten Kosmos einzuleiten.<\/li>\n\n\n\n<li><strong>Die Trennung von Wasser und Land:<\/strong> Sie stellt die Schaffung einer bewohnbaren Welt dar, die speziell f\u00fcr das menschliche Leben gestaltet wurde.<\/li>\n\n\n\n<li><strong>Die Erschaffung von Mann und Frau nach Gottes Ebenbild:<\/strong> Dies ist der H\u00f6hepunkt der Sch\u00f6pfung. In der Menschheit hinterl\u00e4sst Gott sein Siegel, verleiht ihr eine einzigartige W\u00fcrde, Vernunft und Freiheit.<\/li>\n<\/ul>\n\n\n\n<hr class=\"wp-block-separator has-alpha-channel-opacity\"\/>\n\n\n\n<h3 class=\"wp-block-heading\"><strong>II. Die Dogmen der Kirche \u00fcber die Sch\u00f6pfung<\/strong><\/h3>\n\n\n\n<p>Im Laufe der Jahrhunderte hat die Kirche mehrere Dogmen zur Sch\u00f6pfung formuliert, die wesentliche Wahrheiten unseres Glaubens definieren:<\/p>\n\n\n\n<h4 class=\"wp-block-heading\"><strong>1. Die Sch\u00f6pfung <em>ex nihilo<\/em><\/strong><\/h4>\n\n\n\n<p>Die Kirche lehrt, dass Gott die Welt aus dem Nichts erschaffen hat. Dieses Dogma betont Gottes absolute Souver\u00e4nit\u00e4t und weist jede Vorstellung zur\u00fcck, dass das Universum ewig sei oder dass es eine vorbestehende Materie gegeben habe.<\/p>\n\n\n\n<h4 class=\"wp-block-heading\"><strong>2. Die G\u00fcte der Sch\u00f6pfung<\/strong><\/h4>\n\n\n\n<p>Das Vierte Laterankonzil (1215) erkl\u00e4rte, dass die gesamte Sch\u00f6pfung gut ist, weil sie von Gott stammt, der selbst die G\u00fcte ist. Diese Aussage ist entscheidend, um dualistische Ansichten zu widerlegen, die die materielle Welt als von Natur aus b\u00f6se betrachten.<\/p>\n\n\n\n<h4 class=\"wp-block-heading\"><strong>3. Der Zweck der Sch\u00f6pfung<\/strong><\/h4>\n\n\n\n<p>Die Welt wurde erschaffen, um die Herrlichkeit Gottes zu offenbaren und der Menschheit die Teilnahme an seiner Liebe zu erm\u00f6glichen. Dieses Dogma betont, dass die Sch\u00f6pfung kein kosmischer Zufall ist, sondern das Ergebnis eines g\u00f6ttlichen Plans voller Sinn.<\/p>\n\n\n\n<h4 class=\"wp-block-heading\"><strong>4. Die g\u00f6ttliche Vorsehung<\/strong><\/h4>\n\n\n\n<p>Gott hat die Welt nicht nur erschaffen, sondern erh\u00e4lt und lenkt sie fortw\u00e4hrend. Das bedeutet, dass die Sch\u00f6pfung kein unabh\u00e4ngiges Uhrwerk ist, sondern ein lebendiges Gewebe, das von Gottes Liebe getragen wird.<\/p>\n\n\n\n<hr class=\"wp-block-separator has-alpha-channel-opacity\"\/>\n\n\n\n<h3 class=\"wp-block-heading\"><strong>III. Theologische Relevanz und praktische Anwendungen<\/strong><\/h3>\n\n\n\n<h4 class=\"wp-block-heading\"><strong>1. Die Beziehung zwischen Glauben und Wissenschaft<\/strong><\/h4>\n\n\n\n<p>In einer Welt, die zunehmend von wissenschaftlichen Fortschritten gepr\u00e4gt ist, sehen manche einen Konflikt zwischen dem christlichen Glauben und wissenschaftlichen Theorien wie dem Urknall oder der Evolution. Doch die Kirche lehrt, dass es keinen Widerspruch zwischen Glauben und Vernunft gibt. Die Wissenschaft versucht zu verstehen, wie das Universum funktioniert, w\u00e4hrend der Glaube Fragen zu seinem Ursprung und Zweck beantwortet.<\/p>\n\n\n\n<p><strong>Praktische Anwendung:<\/strong> Als Gl\u00e4ubige k\u00f6nnen wir wissenschaftliche Fortschritte mit Offenheit und Dankbarkeit annehmen und sie als Mittel betrachten, Gottes Werk besser zu verstehen.<\/p>\n\n\n\n<h4 class=\"wp-block-heading\"><strong>2. \u00d6kologie und Sorge f\u00fcr die Sch\u00f6pfung<\/strong><\/h4>\n\n\n\n<p>Papst Franziskus erinnert uns in seiner Enzyklika <em>Laudato Si\u2019<\/em>, dass die Sorge um die Sch\u00f6pfung eine moralische Verantwortung ist. Wenn die Welt Gottes Werk ist, sind wir aufgerufen, sie mit Respekt und Liebe zu behandeln.<\/p>\n\n\n\n<p><strong>Praktische Anwendung:<\/strong> Nachhaltige Lebensstile zu \u00fcbernehmen, \u00fcberm\u00e4\u00dfigen Konsum zu vermeiden und an Naturschutzinitiativen teilzunehmen, sind konkrete Wege, dieses Prinzip zu leben.<\/p>\n\n\n\n<h4 class=\"wp-block-heading\"><strong>3. Die W\u00fcrde des Menschen<\/strong><\/h4>\n\n\n\n<p>Das Dogma, dass die Menschheit nach dem Ebenbild Gottes geschaffen wurde, fordert uns heraus, die W\u00fcrde jedes Menschen zu respektieren und zu f\u00f6rdern, unabh\u00e4ngig von seiner sozialen Stellung, Rasse oder Religion.<\/p>\n\n\n\n<p><strong>Praktische Anwendung:<\/strong> Dies l\u00e4dt uns ein, uns f\u00fcr die Verteidigung der Menschenrechte, den Dienst an den Armen und die F\u00f6rderung sozialer Gerechtigkeit einzusetzen.<\/p>\n\n\n\n<hr class=\"wp-block-separator has-alpha-channel-opacity\"\/>\n\n\n\n<h3 class=\"wp-block-heading\"><strong>IV. Schlussfolgerung: Die Sch\u00f6pfung als Weg zu Gott<\/strong><\/h3>\n\n\n\n<p>Die Dogmen \u00fcber die Sch\u00f6pfung der Welt sind keine blo\u00dfen abstrakten Theorien, sondern tief spirituelle Wahrheiten, die uns mit Gottes Herz verbinden. Sie laden uns ein, das Universum mit Staunen zu betrachten, verantwortungsvoll mit der Sch\u00f6pfung umzugehen und unsere eigene W\u00fcrde als Kinder Gottes anzuerkennen.<\/p>\n\n\n\n<p>In einer Welt, die von Materialismus und Nihilismus gepr\u00e4gt ist, erinnern uns die Dogmen \u00fcber die Sch\u00f6pfung daran, dass wir nicht zuf\u00e4llig hier sind. Wir sind Teil eines g\u00f6ttlichen Plans, berufen, an Gottes Werk teilzuhaben und seine Liebe in jede Ecke unseres Lebens zu bringen. M\u00f6gen uns diese Wahrheiten dazu anregen, mit Dankbarkeit, Hoffnung und einem tiefen Sinn f\u00fcr Zweck zu leben.<\/p>\n","protected":false},"excerpt":{"rendered":"<p>Die Sch\u00f6pfung der Welt ist eines der faszinierendsten und grundlegendsten Themen des christlichen Glaubens. Dieses Geheimnis bildet die Grundlage unseres Verst\u00e4ndnisses von Gott, der Menschheit und dem Sinn des Lebens. In diesem Artikel werden wir die Dogmen zur Sch\u00f6pfung der Welt, ihre historische Entwicklung, ihre symbolische Tiefe und ihre Relevanz f\u00fcr unser heutiges Leben beleuchten. &hellip;<\/p>\n","protected":false},"author":3,"featured_media":1384,"comment_status":"open","ping_status":"open","sticky":false,"template":"","format":"standard","meta":{"_seopress_robots_primary_cat":"","_seopress_titles_title":"","_seopress_titles_desc":"","_seopress_robots_index":"","footnotes":""},"categories":[44,37],"tags":[310,321],"class_list":["post-1383","post","type-post","status-publish","format-standard","has-post-thumbnail","","category-dogmen-des-glaubens","category-lehre-und-glaube","tag-dogmen","tag-schoepfung-der-welt"],"_links":{"self":[{"href":"https:\/\/catholicus.eu\/de\/wp-json\/wp\/v2\/posts\/1383","targetHints":{"allow":["GET"]}}],"collection":[{"href":"https:\/\/catholicus.eu\/de\/wp-json\/wp\/v2\/posts"}],"about":[{"href":"https:\/\/catholicus.eu\/de\/wp-json\/wp\/v2\/types\/post"}],"author":[{"embeddable":true,"href":"https:\/\/catholicus.eu\/de\/wp-json\/wp\/v2\/users\/3"}],"replies":[{"embeddable":true,"href":"https:\/\/catholicus.eu\/de\/wp-json\/wp\/v2\/comments?post=1383"}],"version-history":[{"count":1,"href":"https:\/\/catholicus.eu\/de\/wp-json\/wp\/v2\/posts\/1383\/revisions"}],"predecessor-version":[{"id":1385,"href":"https:\/\/catholicus.eu\/de\/wp-json\/wp\/v2\/posts\/1383\/revisions\/1385"}],"wp:featuredmedia":[{"embeddable":true,"href":"https:\/\/catholicus.eu\/de\/wp-json\/wp\/v2\/media\/1384"}],"wp:attachment":[{"href":"https:\/\/catholicus.eu\/de\/wp-json\/wp\/v2\/media?parent=1383"}],"wp:term":[{"taxonomy":"category","embeddable":true,"href":"https:\/\/catholicus.eu\/de\/wp-json\/wp\/v2\/categories?post=1383"},{"taxonomy":"post_tag","embeddable":true,"href":"https:\/\/catholicus.eu\/de\/wp-json\/wp\/v2\/tags?post=1383"}],"curies":[{"name":"wp","href":"https:\/\/api.w.org\/{rel}","templated":true}]}}