{"id":1377,"date":"2024-11-20T23:09:25","date_gmt":"2024-11-20T22:09:25","guid":{"rendered":"https:\/\/catholicus.eu\/de\/?p=1377"},"modified":"2024-11-20T23:09:25","modified_gmt":"2024-11-20T22:09:25","slug":"pfingsten-der-heilige-geist-kommt-auf-die-kirche-ein-neuer-anfang","status":"publish","type":"post","link":"https:\/\/catholicus.eu\/de\/pfingsten-der-heilige-geist-kommt-auf-die-kirche-ein-neuer-anfang\/","title":{"rendered":"Pfingsten: Der Heilige Geist kommt auf die Kirche \u2013 Ein neuer Anfang"},"content":{"rendered":"\n<h2 class=\"wp-block-heading\">Einleitung: Pfingsten, ein zentrales Ereignis im christlichen Glauben<\/h2>\n\n\n\n<p>Pfingsten ist eines der bedeutendsten Ereignisse in der christlichen Tradition, das nicht nur einen Schl\u00fcsselmoment in der Geschichte der Kirche markiert, sondern auch einen st\u00e4ndigen Ruf zur geistlichen Erneuerung darstellt. F\u00fcnfzig Tage nach der Auferstehung Christi gedenkt dieser Tag der Herabkunft des Heiligen Geistes auf die Apostel und andere Anh\u00e4nger Jesu. Dieses Ereignis best\u00e4tigt nicht nur die Erf\u00fcllung der Verhei\u00dfungen Christi, sondern leitet auch ein neues Kapitel f\u00fcr die Menschheit ein: die Geburt der Kirche und ihre missionarische Aufgabe.<\/p>\n\n\n\n<p>In der katholischen Theologie stellt Pfingsten die F\u00fclle der Osterbotschaft dar und den Beginn der Mission der Kirche in der Welt. Es erinnert an die transformative Kraft des Heiligen Geistes, der im Leben der Gl\u00e4ubigen gegenw\u00e4rtig bleibt. Aber was bedeutet dieses Ereignis f\u00fcr unser t\u00e4gliches Leben? Wie k\u00f6nnen wir dieses g\u00f6ttliche Geschenk in einem modernen Kontext verstehen? Dieser Artikel geht auf die Geschichte, Theologie und praktischen Anwendungen von Pfingsten ein und l\u00e4dt die Leser ein, die Auswirkungen des Heiligen Geistes in ihrem Leben neu zu entdecken.<\/p>\n\n\n\n<hr class=\"wp-block-separator has-alpha-channel-opacity\"\/>\n\n\n\n<h2 class=\"wp-block-heading\">Geschichte und biblischer Kontext: Pfingsten in den Schriften<\/h2>\n\n\n\n<h3 class=\"wp-block-heading\">Der Bericht im Buch der Apostelgeschichte<\/h3>\n\n\n\n<p>Das Ereignis von Pfingsten wird im <strong>Buch der Apostelgeschichte<\/strong> (Apg 2,1-4) beschrieben. Laut diesem Bericht waren die J\u00fcnger Jesu in Jerusalem versammelt, als \u201eein Rauschen wie von einem gewaltigen Wind\u201c das Haus erf\u00fcllte, in dem sie sich aufhielten. Zungen wie von Feuer erschienen und setzten sich auf jeden von ihnen. Sie wurden vom Heiligen Geist erf\u00fcllt und begannen, in verschiedenen Sprachen zu sprechen, sodass Menschen aus verschiedenen Nationen die Botschaft des Evangeliums verstehen konnten.<\/p>\n\n\n\n<p>Dieses Ereignis fand w\u00e4hrend des j\u00fcdischen Festes Shavuot statt, das auch als Fest der Wochen bekannt ist und die \u00dcbergabe des Gesetzes an Mose auf dem Berg Sinai feiert. Die Koinzidenz ist nicht zuf\u00e4llig; ebenso wie das Gesetz das Volk Israel leitete, sollte nun der Heilige Geist die Kirche leiten.<\/p>\n\n\n\n<h3 class=\"wp-block-heading\">Jesus und die Verhei\u00dfung des Heiligen Geistes<\/h3>\n\n\n\n<p>Pfingsten ist kein isoliertes Ereignis, sondern die Erf\u00fcllung einer Verhei\u00dfung. Vor seiner Himmelfahrt versicherte Jesus seinen J\u00fcngern, dass er sie nicht allein lassen w\u00fcrde. Im Evangelium nach Johannes verspricht er, den <strong>Beistand<\/strong> zu senden, den Geist der Wahrheit, der f\u00fcr immer bei ihnen bleiben w\u00fcrde (Joh 14,16-17). Der Heilige Geist ist somit nicht nur ein vor\u00fcbergehendes Geschenk, sondern eine best\u00e4ndige Pr\u00e4senz im Leben der Kirche und der Gl\u00e4ubigen.<\/p>\n\n\n\n<hr class=\"wp-block-separator has-alpha-channel-opacity\"\/>\n\n\n\n<h2 class=\"wp-block-heading\">Theologische Bedeutung: Die tiefere Bedeutung von Pfingsten<\/h2>\n\n\n\n<h3 class=\"wp-block-heading\">Die Geburt der Kirche<\/h3>\n\n\n\n<p>Pfingsten markiert den Moment, in dem die Apostel, gest\u00e4rkt durch den Heiligen Geist, ohne Angst in die Welt hinausgehen, um das Evangelium zu verk\u00fcnden. In diesem Sinne wird es als &#8222;Geburtstag&#8220; der Kirche betrachtet. Vor Pfingsten waren die J\u00fcnger von Zweifeln und Angst erf\u00fcllt; danach wurden sie zu mutigen Missionaren, die bereit waren, ihr Leben f\u00fcr Christus hinzugeben. Dieses Ereignis unterstreicht die Bedeutung der Gemeinschaft als lebendiger Leib Christi, der durch den Heiligen Geist bewegt wird.<\/p>\n\n\n\n<h3 class=\"wp-block-heading\">Der Heilige Geist als transformative Kraft<\/h3>\n\n\n\n<p>In der christlichen Theologie ist der Heilige Geist das Geschenk Gottes, das das Leben der Gl\u00e4ubigen verwandelt. Er ist Quelle von Weisheit, Verst\u00e4ndnis, Kraft und Liebe und f\u00fchrt das Volk Gottes zur Wahrheit. Durch die <strong>Gaben des Heiligen Geistes<\/strong> (Weisheit, Verst\u00e4ndnis, Rat, St\u00e4rke, Wissen, Fr\u00f6mmigkeit und Gottesfurcht) erhalten die Christen die Gnade, ein tugendhaftes Leben zu f\u00fchren und ihre Mission in der Welt zu erf\u00fcllen.<\/p>\n\n\n\n<h3 class=\"wp-block-heading\">Einheit in der Vielfalt<\/h3>\n\n\n\n<p>Eines der bemerkenswertesten Aspekte von Pfingsten ist, wie der Heilige Geist Menschen aus verschiedenen Kulturen, Sprachen und Kontexten vereint. Dies spiegelt den universellen Zweck des Evangeliums wider: Es ist nicht durch geografische Grenzen oder menschliche Unterschiede beschr\u00e4nkt. Die Kirche, vom Geist bewegt, ist dazu berufen, ein Zeichen der Einheit in einer gespaltenen Welt zu sein.<\/p>\n\n\n\n<hr class=\"wp-block-separator has-alpha-channel-opacity\"\/>\n\n\n\n<h2 class=\"wp-block-heading\">Praktische Anwendungen: Pfingsten im Alltag leben<\/h2>\n\n\n\n<h3 class=\"wp-block-heading\">Gebet, um den Heiligen Geist anzurufen<\/h3>\n\n\n\n<p>Pfingsten l\u00e4dt uns ein, eine tiefere Beziehung zum Heiligen Geist zu pflegen. Eine einfache, aber kraftvolle Praxis ist es, t\u00e4glich das Gebet zum Heiligen Geist zu sprechen:<\/p>\n\n\n\n<blockquote class=\"wp-block-quote is-layout-flow wp-block-quote-is-layout-flow\">\n<p>\u201eKomm, Heiliger Geist, erf\u00fclle die Herzen deiner Gl\u00e4ubigen und entz\u00fcnde in ihnen das Feuer deiner Liebe.\u201c<\/p>\n<\/blockquote>\n\n\n\n<p>Das Bitten um die F\u00fchrung des Heiligen Geistes kann uns helfen, weise Entscheidungen zu treffen, mit mehr Liebe zu leben und Herausforderungen mit Mut zu begegnen.<\/p>\n\n\n\n<h3 class=\"wp-block-heading\">Zeugnis ablegen in der Welt<\/h3>\n\n\n\n<p>So wie die Apostel hinausgingen, um die Botschaft Christi zu verbreiten, sind auch die Christen aufgerufen, in ihren eigenen Kontexten Zeugen zu sein. Dies kann so einfach sein wie Freundlichkeit zu zeigen, f\u00fcr Gerechtigkeit einzutreten oder den Glauben mit denen zu teilen, die nach Sinn in ihrem Leben suchen.<\/p>\n\n\n\n<h3 class=\"wp-block-heading\">Gemeinschaft und Dienst<\/h3>\n\n\n\n<p>Der Heilige Geist wirkt auf besondere Weise in der Gemeinschaft. Eine aktive Teilnahme am Leben der Kirche \u2014 durch Gebetsgruppen, ehrenamtliche Arbeit oder in Diensten \u2014 ist eine konkrete M\u00f6glichkeit, den Geist von Pfingsten zu leben.<\/p>\n\n\n\n<hr class=\"wp-block-separator has-alpha-channel-opacity\"\/>\n\n\n\n<h2 class=\"wp-block-heading\">Zeitgen\u00f6ssische Reflexion: Pfingsten in der modernen Welt<\/h2>\n\n\n\n<h3 class=\"wp-block-heading\">Angst und Spaltung \u00fcberwinden<\/h3>\n\n\n\n<p>In einer Welt, die von Individualismus, Polarisation und Angst gepr\u00e4gt ist, erinnert uns Pfingsten an die Kraft des Heiligen Geistes, zu vereinen, zu heilen und zu erneuern. Christen sind aufgerufen, Instrumente der Vers\u00f6hnung zu sein und mitten in den Schwierigkeiten Hoffnung zu bieten.<\/p>\n\n\n\n<h3 class=\"wp-block-heading\">Geistliche Innovation<\/h3>\n\n\n\n<p>Das Kommen des Heiligen Geistes war nicht nur ein Moment der Erneuerung, sondern auch der Innovation. Im heutigen Kontext k\u00f6nnen Gl\u00e4ubige neue Wege finden, ihren Glauben zu leben und zu teilen, moderne Technologien zu nutzen und sich mit zeitgen\u00f6ssischen Anliegen wie Umweltschutz und sozialer Gerechtigkeit auseinanderzusetzen.<\/p>\n\n\n\n<hr class=\"wp-block-separator has-alpha-channel-opacity\"\/>\n\n\n\n<h2 class=\"wp-block-heading\">Fazit: Eine Einladung, Pfingsten jeden Tag zu leben<\/h2>\n\n\n\n<p>Pfingsten ist nicht nur ein historisches Ereignis, sondern eine lebendige Realit\u00e4t. Jeder Christ ist eingeladen, sein Herz f\u00fcr den Heiligen Geist zu \u00f6ffnen und ihm zu erlauben, seine \u00c4ngste in Mut, seine Zweifel in Glauben und seine Isolation in Gemeinschaft zu verwandeln. Dieser \u201eneue Anfang\u201c, den wir an Pfingsten feiern, ist eine st\u00e4ndige Gelegenheit, unseren Glauben zu erneuern, uns mit der Mission der Kirche zu identifizieren und Zeugen der Liebe Gottes in der Welt zu sein.<\/p>\n\n\n\n<p>Als Nachfolger Christi wollen wir dieses Gebet zu unserem eigenen machen: \u201eHeiliger Geist, erf\u00fclle unser Leben und mache uns zu Werkzeugen deines Friedens und deiner Liebe.\u201c Mit dieser Haltung wird Pfingsten nicht nur eine j\u00e4hrliche Feier sein, sondern eine t\u00e4gliche Erfahrung, die unser Leben und das derjenigen, die uns umgeben, verwandelt.<\/p>\n","protected":false},"excerpt":{"rendered":"<p>Einleitung: Pfingsten, ein zentrales Ereignis im christlichen Glauben Pfingsten ist eines der bedeutendsten Ereignisse in der christlichen Tradition, das nicht nur einen Schl\u00fcsselmoment in der Geschichte der Kirche markiert, sondern auch einen st\u00e4ndigen Ruf zur geistlichen Erneuerung darstellt. F\u00fcnfzig Tage nach der Auferstehung Christi gedenkt dieser Tag der Herabkunft des Heiligen Geistes auf die Apostel &hellip;<\/p>\n","protected":false},"author":3,"featured_media":1378,"comment_status":"open","ping_status":"open","sticky":false,"template":"","format":"standard","meta":{"_seopress_robots_primary_cat":"","_seopress_titles_title":"","_seopress_titles_desc":"","_seopress_robots_index":"","footnotes":""},"categories":[38,52],"tags":[319],"class_list":["post-1377","post","type-post","status-publish","format-standard","has-post-thumbnail","","category-geschichte-und-tradition","category-liturgie-und-kirchenjahr","tag-pfingsten"],"_links":{"self":[{"href":"https:\/\/catholicus.eu\/de\/wp-json\/wp\/v2\/posts\/1377","targetHints":{"allow":["GET"]}}],"collection":[{"href":"https:\/\/catholicus.eu\/de\/wp-json\/wp\/v2\/posts"}],"about":[{"href":"https:\/\/catholicus.eu\/de\/wp-json\/wp\/v2\/types\/post"}],"author":[{"embeddable":true,"href":"https:\/\/catholicus.eu\/de\/wp-json\/wp\/v2\/users\/3"}],"replies":[{"embeddable":true,"href":"https:\/\/catholicus.eu\/de\/wp-json\/wp\/v2\/comments?post=1377"}],"version-history":[{"count":1,"href":"https:\/\/catholicus.eu\/de\/wp-json\/wp\/v2\/posts\/1377\/revisions"}],"predecessor-version":[{"id":1379,"href":"https:\/\/catholicus.eu\/de\/wp-json\/wp\/v2\/posts\/1377\/revisions\/1379"}],"wp:featuredmedia":[{"embeddable":true,"href":"https:\/\/catholicus.eu\/de\/wp-json\/wp\/v2\/media\/1378"}],"wp:attachment":[{"href":"https:\/\/catholicus.eu\/de\/wp-json\/wp\/v2\/media?parent=1377"}],"wp:term":[{"taxonomy":"category","embeddable":true,"href":"https:\/\/catholicus.eu\/de\/wp-json\/wp\/v2\/categories?post=1377"},{"taxonomy":"post_tag","embeddable":true,"href":"https:\/\/catholicus.eu\/de\/wp-json\/wp\/v2\/tags?post=1377"}],"curies":[{"name":"wp","href":"https:\/\/api.w.org\/{rel}","templated":true}]}}