{"id":1269,"date":"2024-11-13T21:10:41","date_gmt":"2024-11-13T20:10:41","guid":{"rendered":"https:\/\/catholicus.eu\/de\/?p=1269"},"modified":"2024-11-13T21:10:41","modified_gmt":"2024-11-13T20:10:41","slug":"die-ersten-jahrhunderte-des-christentums-von-der-verfolgung-zur-freiheit","status":"publish","type":"post","link":"https:\/\/catholicus.eu\/de\/die-ersten-jahrhunderte-des-christentums-von-der-verfolgung-zur-freiheit\/","title":{"rendered":"Die ersten Jahrhunderte des Christentums: Von der Verfolgung zur Freiheit"},"content":{"rendered":"\n<p>Die Geschichte der ersten Jahrhunderte des Christentums ist ein kraftvoller Bericht \u00fcber Glauben, Widerstandskraft und letztlich \u00fcber Freiheit. F\u00fcr Christen ist die Geschichte der fr\u00fchen Kirche weit mehr als nur eine historische Erz\u00e4hlung; sie ist eine lebendige Lektion, die die Gl\u00e4ubigen dazu einl\u00e4dt, ihr Verst\u00e4ndnis von Glaube und Engagement angesichts von Widrigkeiten zu vertiefen. Die Verfolgung, die die ersten Christen erlebten, ist ein Grundpfeiler der katholischen Theologie und Spiritualit\u00e4t, denn sie zeigt die F\u00e4higkeit der Gl\u00e4ubigen, Christus treu zu bleiben, selbst angesichts von Leid und Tod. Au\u00dferdem markiert die sp\u00e4tere Anerkennung des Christentums als legale Religion den Beginn einer neuen \u00c4ra in der Geschichte der Kirche, die uns dazu einl\u00e4dt, in Freiheit zu leben und gleichzeitig dem Evangelium treu zu bleiben.<\/p>\n\n\n\n<p>In diesem Artikel werden wir untersuchen, wie diese ersten Jahrhunderte die Grundlage der christlichen Identit\u00e4t legten, sowohl in ihrem Aspekt des Widerstandes als auch in ihrem Streben nach Frieden und Koexistenz mit anderen. Wir werden sehen, wie der christliche Glaube trotz Herausforderungen wuchs und wie die durch das Edikt von Mailand im Jahr 313 erlangte Freiheit einen Wendepunkt darstellte. Wir werden dar\u00fcber nachdenken, wie Christen heute in diesen Ereignissen und im Zeugnis der M\u00e4rtyrer und Leiter der fr\u00fchen Kirche Inspiration finden k\u00f6nnen, um Schwierigkeiten zu \u00fcberwinden und ein Licht in der Welt zu sein.<\/p>\n\n\n\n<h3 class=\"wp-block-heading\">Historischer und Biblischer Kontext<\/h3>\n\n\n\n<h4 class=\"wp-block-heading\">Die Verfolgung im R\u00f6mischen Reich<\/h4>\n\n\n\n<p>Von Beginn an wurde das Christentum als Bedrohung f\u00fcr das R\u00f6mische Reich wahrgenommen. Als neuer Glaube, der den Kaiserkult und die heidnischen G\u00f6tter ablehnte, wurden Christen als illoyal gegen\u00fcber der bestehenden Ordnung angesehen. Man warf ihnen Verrat und sogar Atheismus vor, weil sie die traditionellen G\u00f6tter nicht verehrten. Diese Weigerung, den Kaiser als g\u00f6ttliche Figur zu verehren, war eine radikale und gef\u00e4hrliche Position, da sie bedeutete, dass die Christen nur einen einzigen Gott anerkannten und nicht das Imperium als h\u00f6chste Autorit\u00e4t.<\/p>\n\n\n\n<p>Diese Situation f\u00fchrte zu einer Reihe von intermittierenden Verfolgungen, die von sozialer Ausgrenzung bis hin zu k\u00f6rperlicher Gewalt reichten. Kaiser wie Nero, Domitian, Decius und Diokletian f\u00f6rderten repressive Ma\u00dfnahmen gegen Christen. Die Verfolgung war brutal: Viele Gl\u00e4ubige wurden verhaftet, gefoltert und auf grausame Weise hingerichtet, was zum Ph\u00e4nomen der M\u00e4rtyrer f\u00fchrte, jener Menschen, die lieber ihr Leben gaben, als Christus zu verleugnen.<\/p>\n\n\n\n<h4 class=\"wp-block-heading\">Verfolgung und die Bibel<\/h4>\n\n\n\n<p>In den Heiligen Schriften finden wir Botschaften der Hoffnung und Kraft f\u00fcr diejenigen, die aufgrund ihres Glaubens leiden mussten. Das Matth\u00e4usevangelium enth\u00e4lt zum Beispiel die Worte Jesu: \u201eSelig sind, die um der Gerechtigkeit willen verfolgt werden, denn ihrer ist das Himmelreich\u201c (Mt 5,10). Diese biblischen Passagen waren eine Quelle des Trostes und der F\u00fchrung f\u00fcr die ersten Christen, die in Jesus ein Modell der Standhaftigkeit und des Opfers fanden.<\/p>\n\n\n\n<p>Auch die Schriften des Apostels Paulus, wie sein zweiter Brief an Timotheus, spiegeln das Bewusstsein wider, dass das Leiden Teil der christlichen Berufung ist: \u201eAlle aber, die in Christus Jesus fromm leben wollen, werden verfolgt werden\u201c (2 Tim 3,12). Diese Texte inspirierten die ersten Christen, die Verfolgung als einen Weg der Heiligung und eine Gelegenheit zu verstehen, Christus in seinem Leiden nachzufolgen.<\/p>\n\n\n\n<h4 class=\"wp-block-heading\">Die Bekehrung Konstantins und das Edikt von Mailand<\/h4>\n\n\n\n<p>Im vierten Jahrhundert ver\u00e4nderte ein unerwartetes Ereignis den Verlauf der christlichen Geschichte: die Bekehrung von Kaiser Konstantin. Obwohl die genauen Details seiner Bekehrung umstritten sind, berichtet die \u00dcberlieferung, dass Konstantin vor einer entscheidenden Schlacht eine Vision des Kreuzes hatte, begleitet von den Worten \u201eIn hoc signo vinces\u201c (\u201eIn diesem Zeichen wirst du siegen\u201c). Nach diesem Sieg nahm Konstantin das Christentum an und erlie\u00df im Jahr 313 das Edikt von Mailand, das das Christentum legalisierte und die Verfolgungen beendete.<\/p>\n\n\n\n<p>Dieser Wandel leitete eine \u00c4ra religi\u00f6ser Freiheit ein, die es den Christen erm\u00f6glichte, ihren Glauben offen zu bekennen, ohne Repressalien f\u00fcrchten zu m\u00fcssen, und die sichtbare Kirche \u00f6ffentlich aufzubauen. Die Akzeptanz des Christentums im Reich hatte tiefgreifende theologische und soziale Auswirkungen, da die Kirche, anstatt sich zu verstecken, begann, sich zu organisieren, Tempel zu bauen und kirchliche Strukturen zu entwickeln.<\/p>\n\n\n\n<h3 class=\"wp-block-heading\">Theologische Bedeutung<\/h3>\n\n\n\n<h4 class=\"wp-block-heading\">Die spirituelle Bedeutung der Verfolgung<\/h4>\n\n\n\n<p>Aus theologischer Sicht ist das Leiden der M\u00e4rtyrer ein Ausdruck von vollkommener und treuer Liebe zu Gott. Diese Zeugnisse erinnern die Christen daran, dass der Glaube an Christus nicht immer leicht ist, aber von unsch\u00e4tzbarem Wert. Die Geschichte der M\u00e4rtyrer und derer, die Verfolgung erlebten, wird zu einer Schule der Liebe und Treue f\u00fcr alle Zeiten. Der Kirchenvater Augustinus schrieb, dass \u201edas Blut der M\u00e4rtyrer der Same der Christen ist\u201c, was bedeutet, dass das Opfer der Verfolgten tats\u00e4chlich eine Quelle des Lebens und Wachstums f\u00fcr die Gemeinschaft war.<\/p>\n\n\n\n<h4 class=\"wp-block-heading\">Die Freiheit in Christus<\/h4>\n\n\n\n<p>Die durch das Edikt von Mailand erreichte Freiheit war nicht nur eine politische Befreiung, sondern auch ein Symbol f\u00fcr die wahre Freiheit, die Christus bietet. Der Christ ist selbst im Kontext der Verfolgung innerlich frei, weil sein Leben mit dem Leben Jesu verbunden ist. Doch die Freiheit, die die Christen im Reich erlangten, brachte auch Herausforderungen mit sich: Nun mussten sie lernen, ihren Glauben in einer pluralistischen Gesellschaft koh\u00e4rent und engagiert zu leben, ohne sich den Trends der Zeit anzupassen und gleichzeitig den Lehren Jesu treu zu bleiben.<\/p>\n\n\n\n<h3 class=\"wp-block-heading\">Praktische Anwendungen f\u00fcr heute<\/h3>\n\n\n\n<h4 class=\"wp-block-heading\">St\u00e4rke in schwierigen Zeiten<\/h4>\n\n\n\n<p>Die ersten Christen lehren uns, dass Pr\u00fcfungen Gelegenheiten f\u00fcr spirituelles Wachstum sein k\u00f6nnen. So hart sie auch sein m\u00f6gen, bieten Zeiten des Leidens die M\u00f6glichkeit, unser Vertrauen in Gott zu vertiefen und ein Zeugnis der Hoffnung f\u00fcr unsere Mitmenschen zu sein. Wenn wir Herausforderungen begegnen, k\u00f6nnen wir uns an die M\u00e4rtyrer erinnern, die dem Druck nicht nachgaben, sondern Gott treu blieben.<\/p>\n\n\n\n<p><strong>Spirituelle \u00dcbung:<\/strong> In schwierigen Zeiten beten wir im Gedenken an die M\u00e4rtyrer und bitten um die Kraft, ein Spiegel des Friedens Christi zu sein.<\/p>\n\n\n\n<h4 class=\"wp-block-heading\">Den Glauben in Freiheit und Koh\u00e4renz leben<\/h4>\n\n\n\n<p>Heute haben wir in vielen Teilen der Welt die Freiheit, unseren Glauben offen zu bekennen. Diese Freiheit geht jedoch mit der Verantwortung einher, das Evangelium authentisch zu leben. Das Zeugnis der ersten Christen l\u00e4dt uns dazu ein, unser Leben zu pr\u00fcfen und uns zu fragen, ob wir nach den Lehren Jesu leben, selbst wenn wir kulturellem oder gesellschaftlichem Druck ausgesetzt sind.<\/p>\n\n\n\n<p><strong>Praktische \u00dcbung:<\/strong> \u00dcberlegen Sie, in welchen Bereichen wir unseren Glauben koh\u00e4renter leben k\u00f6nnten, sei es bei der Arbeit, in unseren Beziehungen oder in unserer Gemeinde, und setzen Sie sich konkrete, kleine Ziele zur Verbesserung.<\/p>\n\n\n\n<h4 class=\"wp-block-heading\">Solidarit\u00e4t und Gemeinschaft<\/h4>\n\n\n\n<p>Verfolgung und Pr\u00fcfungen vereinten die ersten Christen in der Gemeinschaft. Sie lehren uns die Bedeutung der Einheit als Kirche und der gegenseitigen Unterst\u00fctzung. In unserer heutigen Welt, die vom Individualismus gepr\u00e4gt ist, erinnert uns das christliche Gemeinschaftsleben daran, dass wir berufen sind, in Br\u00fcderlichkeit zu leben und uns gegenseitig im Glauben zu st\u00e4rken.<\/p>\n\n\n\n<p><strong>Praktische \u00dcbung:<\/strong> Suchen oder schaffen Sie R\u00e4ume der Gemeinschaft, wie Gebetsgruppen, Bibelstudiengruppen oder ehrenamtliche Arbeit, um einen gemeinsamen Glauben zu pflegen.<\/p>\n\n\n\n<h3 class=\"wp-block-heading\">Zeitgen\u00f6ssische Reflexion: Ein Licht in der modernen Welt sein<\/h3>\n\n\n\n<p>Heute, auch wenn die physische Verfolgung in vielen Regionen abgenommen hat, stehen Christen weiterhin vor Formen der Ablehnung und des Unverst\u00e4ndnisses. Es gibt einen st\u00e4ndigen Aufruf, ein Licht in der Welt zu sein und einen Glauben zu leben, der nicht nur privat bleibt, sondern die Gesellschaft positiv beeinflusst. Die Geschichte der ersten Jahrhunderte des Christentums lehrt uns, dass selbst in Zeiten der Widrigkeit die Liebe Christi Leben und Gesellschaften ver\u00e4ndern kann.<\/p>\n\n\n\n<p>Die aktuelle Einladung besteht darin, unseren Glauben mutig und koh\u00e4rent zu leben, die Menschenw\u00fcrde, Gerechtigkeit und Wahrheit zu verteidigen und das Zeugnis der Liebe Gottes in die Welt zu tragen. Dies erfordert ein Engagement, das dem der M\u00e4rtyrer \u00e4hnelt, eine t\u00e4gliche Entschlossenheit, Christus in unseren Worten und Taten Zeugnis zu geben, und ein Herz, das f\u00fcr das Leiden anderer offen ist.<\/p>\n\n\n\n<h3 class=\"wp-block-heading\">Schlussfolgerung<\/h3>\n\n\n\n<p>Die Geschichte der ersten Jahrhunderte des Christentums ist eine kraftvolle Inspiration f\u00fcr jeden Gl\u00e4ubigen. Verfolgung und Leiden haben die Kirche nicht geschw\u00e4cht, sondern gest\u00e4rkt, und die Freiheit, die die Christen schlie\u00dflich erlangten, erinnert uns daran, dass Gott seine Versprechen h\u00e4lt. Heute sind wir alle aufgerufen, diese Freiheit verantwortungsvoll und mit festem Glauben zu leben und von den fr\u00fchen Christen zu lernen, die nie von ihrer Liebe zu Christus abgewichen sind.<\/p>\n\n\n\n<p>M\u00f6ge diese Geschichte von Glaube und Widerstandskraft uns inspirieren, ein authentisch christliches Leben zu f\u00fchren, in dem unsere Handlungen unser Engagement f\u00fcr das Evangelium widerspiegeln, und dass wir, wie die M\u00e4rtyrer, Zeugen der Hoffnung in einer Welt werden, die nach Gottes Liebe und Frieden sucht.<\/p>\n","protected":false},"excerpt":{"rendered":"<p>Die Geschichte der ersten Jahrhunderte des Christentums ist ein kraftvoller Bericht \u00fcber Glauben, Widerstandskraft und letztlich \u00fcber Freiheit. F\u00fcr Christen ist die Geschichte der fr\u00fchen Kirche weit mehr als nur eine historische Erz\u00e4hlung; sie ist eine lebendige Lektion, die die Gl\u00e4ubigen dazu einl\u00e4dt, ihr Verst\u00e4ndnis von Glaube und Engagement angesichts von Widrigkeiten zu vertiefen. Die &hellip;<\/p>\n","protected":false},"author":3,"featured_media":1270,"comment_status":"open","ping_status":"open","sticky":false,"template":"","format":"standard","meta":{"_seopress_robots_primary_cat":"","_seopress_titles_title":"","_seopress_titles_desc":"","_seopress_robots_index":"","footnotes":""},"categories":[48,38],"tags":[287],"class_list":["post-1269","post","type-post","status-publish","format-standard","has-post-thumbnail","","category-geschichte-der-kirche","category-geschichte-und-tradition","tag-christentums"],"_links":{"self":[{"href":"https:\/\/catholicus.eu\/de\/wp-json\/wp\/v2\/posts\/1269","targetHints":{"allow":["GET"]}}],"collection":[{"href":"https:\/\/catholicus.eu\/de\/wp-json\/wp\/v2\/posts"}],"about":[{"href":"https:\/\/catholicus.eu\/de\/wp-json\/wp\/v2\/types\/post"}],"author":[{"embeddable":true,"href":"https:\/\/catholicus.eu\/de\/wp-json\/wp\/v2\/users\/3"}],"replies":[{"embeddable":true,"href":"https:\/\/catholicus.eu\/de\/wp-json\/wp\/v2\/comments?post=1269"}],"version-history":[{"count":1,"href":"https:\/\/catholicus.eu\/de\/wp-json\/wp\/v2\/posts\/1269\/revisions"}],"predecessor-version":[{"id":1271,"href":"https:\/\/catholicus.eu\/de\/wp-json\/wp\/v2\/posts\/1269\/revisions\/1271"}],"wp:featuredmedia":[{"embeddable":true,"href":"https:\/\/catholicus.eu\/de\/wp-json\/wp\/v2\/media\/1270"}],"wp:attachment":[{"href":"https:\/\/catholicus.eu\/de\/wp-json\/wp\/v2\/media?parent=1269"}],"wp:term":[{"taxonomy":"category","embeddable":true,"href":"https:\/\/catholicus.eu\/de\/wp-json\/wp\/v2\/categories?post=1269"},{"taxonomy":"post_tag","embeddable":true,"href":"https:\/\/catholicus.eu\/de\/wp-json\/wp\/v2\/tags?post=1269"}],"curies":[{"name":"wp","href":"https:\/\/api.w.org\/{rel}","templated":true}]}}