{"id":1266,"date":"2024-11-12T23:10:12","date_gmt":"2024-11-12T22:10:12","guid":{"rendered":"https:\/\/catholicus.eu\/de\/?p=1266"},"modified":"2024-11-12T23:10:12","modified_gmt":"2024-11-12T22:10:12","slug":"kann-der-glaube-das-kritische-denken-bereichern-eine-philosophische-erkundung","status":"publish","type":"post","link":"https:\/\/catholicus.eu\/de\/kann-der-glaube-das-kritische-denken-bereichern-eine-philosophische-erkundung\/","title":{"rendered":"Kann der Glaube das kritische Denken bereichern? Eine philosophische Erkundung"},"content":{"rendered":"\n<p>In einer zunehmend polarisierten und komplexen Welt stellt sich oft die Frage, welchen Wert der Glaube bei der Entwicklung eines kritischen und vernunftbasierten Denkens haben kann. In der katholischen Tradition ist der Glaube nicht nur ein Akt spirituellen Engagements, sondern auch ein Mittel zur pers\u00f6nlichen Entwicklung und zur Suche nach Wahrheit. Auf den ersten Blick k\u00f6nnte man meinen, Glaube und kritisches Denken seien Gegens\u00e4tze, da Glaube Akzeptanz ohne Beweise zu implizieren scheint, w\u00e4hrend kritisches Denken nach Hinterfragung und Analyse verlangt. Doch aus theologischer Perspektive widersprechen sich diese beiden Dimensionen nicht; im Gegenteil, sie erg\u00e4nzen und bereichern sich gegenseitig.<\/p>\n\n\n\n<p>In diesem Artikel werden wir untersuchen, wie der Glaube, anstatt die Vernunft zu leugnen, das kritische Denken im christlichen Leben st\u00e4rken kann. Diese Beziehung zu betrachten, erm\u00f6glicht es uns, zu entdecken, wie ein tiefer und authentischer Glaube den Gl\u00e4ubigen eine umfassendere und mitf\u00fchlendere Sicht auf die Welt er\u00f6ffnen kann, w\u00e4hrend er gleichzeitig das Verst\u00e4ndnis und die Urteilsf\u00e4higkeit vertieft.<\/p>\n\n\n\n<hr class=\"wp-block-separator has-alpha-channel-opacity\"\/>\n\n\n\n<h3 class=\"wp-block-heading\">Historischer und biblischer Kontext<\/h3>\n\n\n\n<p>Die Beziehung zwischen Glauben und Vernunft ist ein wiederkehrendes Thema in der Heiligen Schrift. Die Bibel, weit davon entfernt, die menschliche Intelligenz abzulehnen, l\u00e4dt sie ein, an der Suche nach Gott und der Wahrheit teilzunehmen. Im Buch der Sprichw\u00f6rter werden wir aufgefordert, nach Weisheit zu streben: \u201eNeige dein Ohr zur Weisheit und \u00f6ffne dein Herz f\u00fcr Einsicht\u201c (Spr\u00fcche 2,2). Hier deutet die Schrift darauf hin, dass Weisheit ein begehrenswertes Gut ist, eine Tugend, die unsere Entscheidungen leiten und unseren Glauben st\u00e4rken kann.<\/p>\n\n\n\n<p>Im Neuen Testament wird diese Beziehung noch deutlicher. Jesus selbst l\u00e4dt seine Nachfolger ein, \u201eden Herrn, deinen Gott, zu lieben mit ganzem Herzen, mit ganzer Seele und mit deinem ganzen Verstand\u201c (Matth\u00e4us 22,37). In diesem Gebot nimmt der Verstand einen besonderen Platz im Leben des Gl\u00e4ubigen ein. Christus fordert nicht blinden Glauben, sondern einen Glauben, der das Verst\u00e4ndnis einschlie\u00dft. Die fr\u00fchen Christen, insbesondere in den Schriften des heiligen Paulus, zeigen einen Glauben, der Vernunft und Unterscheidungsverm\u00f6gen einschlie\u00dft. In seinem Brief an die R\u00f6mer fordert Paulus die Gl\u00e4ubigen auf, \u201edurch die Erneuerung ihres Geistes verwandelt zu werden\u201c (R\u00f6mer 12,2) \u2013 ein Glaube, der nicht nur das Herz, sondern auch den Verstand transformiert.<\/p>\n\n\n\n<p>Die Kirchenv\u00e4ter wie Augustinus und Thomas von Aquin entwickelten diese Beziehung zwischen Glauben und Vernunft weiter. F\u00fcr sie war der Gebrauch der Vernunft und des kritischen Denkens unerl\u00e4sslich, um den Glauben vollst\u00e4ndig zu verstehen und zu leben. Diese Denker erkannten, dass die Vernunft den Glauben zu einem tieferen Verst\u00e4ndnis der g\u00f6ttlichen Geheimnisse f\u00fchren kann, ohne dass diese ihren transzendentalen Charakter verlieren.<\/p>\n\n\n\n<hr class=\"wp-block-separator has-alpha-channel-opacity\"\/>\n\n\n\n<h3 class=\"wp-block-heading\">Theologische Relevanz<\/h3>\n\n\n\n<p>Aus theologischer Sicht sind Glaube und kritisches Denken untrennbar miteinander verbunden, da beide nach der Wahrheit suchen. Thomas von Aquin lehrte, dass die Wahrheit eine Einheit ist und dass wahres Wissen von Gott kommt, sei es durch Glauben oder durch Vernunft. Der Glaube steht nicht im Widerspruch zur Vernunft; er erhebt sie und \u00f6ffnet das menschliche Denken f\u00fcr Realit\u00e4ten, die die Vernunft allein nicht erreichen k\u00f6nnte. In diesem Sinne erm\u00f6glicht es der Glaube dem Gl\u00e4ubigen, zu einem tieferen Wissen um die Wahrheit zu gelangen, w\u00e4hrend das kritische Denken die Erfahrung dieses Glaubens bereichert und uns hilft, extreme oder abergl\u00e4ubische Haltungen zu vermeiden.<\/p>\n\n\n\n<p>Dar\u00fcber hinaus ist das kritische Denken ein Mittel, durch das der Glaube reifen und wachsen kann. Ein authentischer Glaube sollte Fragen oder Zweifel nicht f\u00fcrchten; im Gegenteil, er sollte sie in eine st\u00e4ndige Suche nach Wahrheit integrieren. Diese Perspektive kann f\u00fcr viele moderne Gl\u00e4ubige tr\u00f6stlich sein, die sich in einer zunehmend s\u00e4kularisierten Welt manchmal zwischen ihrem Glauben und ihrem Wunsch nach rationalem Verst\u00e4ndnis hin- und hergerissen f\u00fchlen.<\/p>\n\n\n\n<hr class=\"wp-block-separator has-alpha-channel-opacity\"\/>\n\n\n\n<h3 class=\"wp-block-heading\">Praktische Anwendungen<\/h3>\n\n\n\n<p>Wie kann der christliche Glaube das kritische Denken im Alltag bereichern? Im Folgenden einige konkrete Beispiele, die Gl\u00e4ubige bei der Integration dieser beiden Aspekte in ihren Alltag unterst\u00fctzen k\u00f6nnen.<\/p>\n\n\n\n<h4 class=\"wp-block-heading\">1. <strong>Unterscheidungsverm\u00f6gen bei Entscheidungen<\/strong><\/h4>\n\n\n\n<p>Das Leben ist voller komplexer Entscheidungen, von der Berufswahl bis hin zur L\u00f6sung famili\u00e4rer Konflikte. Der Glaube l\u00e4dt die Gl\u00e4ubigen ein, in jeder Entscheidung nach Gottes Willen zu suchen, was einen Unterscheidungsprozess voraussetzt, der oft eine kritische Reflexion und Analyse erfordert. Durch Gebet und Nachdenken \u00fcber die Optionen kann der Gl\u00e4ubige eine kritische Herangehensweise entwickeln, die auf Gottes Weisheit und nicht nur auf eigenen W\u00fcnschen beruht.<\/p>\n\n\n\n<h4 class=\"wp-block-heading\">2. <strong>Perspektivenwechsel in Debatten und Gespr\u00e4chen<\/strong><\/h4>\n\n\n\n<p>In einer \u00c4ra der sozialen Medien und ideologischen Polarisierung erm\u00f6glicht ein auf Glauben basierendes kritisches Denken den Christen, anderen unvoreingenommen zuzuh\u00f6ren und sie zu verstehen. Der Glaube l\u00e4dt uns ein, jeden Menschen als Kind Gottes zu sehen, unabh\u00e4ngig von dessen Meinungen. Diese Offenheit hilft Christen, schwierige Gespr\u00e4che mit einem offenen Geist und der Bereitschaft zum Lernen zu f\u00fchren.<\/p>\n\n\n\n<h4 class=\"wp-block-heading\">3. <strong>Reflexion \u00fcber Informationen und Medien<\/strong><\/h4>\n\n\n\n<p>Wir leben in einer Zeit der Informationsflut. Das durch den Glauben inspirierte kritische Denken hilft den Gl\u00e4ubigen, Informationen zu analysieren und zu unterscheiden, was wahr und n\u00fctzlich ist und was nicht. Der christliche Glaube kann uns dazu motivieren, die Wahrheit mit Demut zu suchen und Desinformationen, die Spaltung s\u00e4en, abzulehnen.<\/p>\n\n\n\n<h4 class=\"wp-block-heading\">4. <strong>Demut in der Suche nach Wissen kultivieren<\/strong><\/h4>\n\n\n\n<p>Der christliche Glaube lehrt Demut und das Anerkennen unserer Grenzen. Diese Demut ist grundlegend f\u00fcr das kritische Denken, da sie uns offen daf\u00fcr macht, unsere Fehler zu korrigieren und zu akzeptieren, dass wir immer noch etwas Neues lernen k\u00f6nnen.<\/p>\n\n\n\n<hr class=\"wp-block-separator has-alpha-channel-opacity\"\/>\n\n\n\n<h3 class=\"wp-block-heading\">Zeitgen\u00f6ssische Reflexion<\/h3>\n\n\n\n<p>Heute steht die Beziehung zwischen Glauben und kritischem Denken vor einzigartigen Herausforderungen und Chancen. In einer von Relativismus gepr\u00e4gten Welt schreiten Wissenschaft und Technologie in einem Tempo voran, das unsere F\u00e4higkeit \u00fcbersteigt, ihre ethischen Implikationen vollst\u00e4ndig zu verstehen. Dies f\u00fchrt viele dazu, sich zu fragen, ob der Glaube noch relevant ist oder ob das kritische Denken allein ausreicht, um ethische und existenzielle Dilemmata zu l\u00f6sen.<\/p>\n\n\n\n<p>Doch der Glaube kann eine Dimension der Hoffnung und des Zwecks bieten, die \u00fcber die rationale Analyse hinausgeht. In Krisenzeiten bietet der Glaube ein festes Fundament, eine Quelle des Trostes und der Kraft, die die Vernunft \u00fcbersteigt. Gleichzeitig bleibt das kritische Denken unerl\u00e4sslich, um einen authentischen Glauben zu leben und Fehlinterpretationen oder Fanatismus zu vermeiden. In diesem Sinne sind die Christen aufgerufen, einen Glauben zu leben, der sich nicht von der Realit\u00e4t abkapselt, sondern danach strebt, diese mit dem Licht des Evangeliums zu erleuchten.<\/p>\n\n\n\n<p>Zum Beispiel bietet der Glaube bei Themen wie dem Schutz der Umwelt eine ethische Perspektive auf die Sch\u00f6pfung, w\u00e4hrend das kritische Denken uns erlaubt, praktische L\u00f6sungen und ihre potenziellen Konsequenzen zu bewerten. Der Glaube fordert uns auf, die Welt zu respektieren und zu bewahren, w\u00e4hrend das kritische Denken uns hilft zu verstehen, welche konkreten Ma\u00dfnahmen notwendig sind, um dieser Verantwortung gerecht zu werden.<\/p>\n\n\n\n<hr class=\"wp-block-separator has-alpha-channel-opacity\"\/>\n\n\n\n<h3 class=\"wp-block-heading\">Fazit<\/h3>\n\n\n\n<p>Christlicher Glaube und kritisches Denken sind, weit davon entfernt, Gegens\u00e4tze zu sein, reichhaltige und bedeutungsvolle Erg\u00e4nzungen. Der Glaube l\u00e4dt uns ein, einer Wahrheit zu vertrauen, die unser Verst\u00e4ndnis \u00fcbersteigt, w\u00e4hrend das kritische Denken uns hilft, diese Wahrheit authentisch und verantwortungsvoll zu erforschen, zu verstehen und zu leben. In einer Gesellschaft, die den Glauben oft als veraltet oder irrational betrachtet, fordert uns diese Perspektive heraus, den Wert eines lebendigen und reflektierten Glaubens neu zu entdecken.<\/p>\n\n\n\n<p>F\u00fcr Christen bedeutet das Leben dieser Harmonie, Menschen des Glaubens mit einem offenen Geist zu sein, bereit zu lernen, zu reflektieren und zu wachsen. Im t\u00e4glichen Leben zeigt sich diese Haltung in der Bereitschaft, zuzuh\u00f6ren, zu analysieren und nach den Prinzipien des Evangeliums zu handeln. Eine solche Integration hilft uns, weise Entscheidungen zu treffen, Beziehungen auf der Grundlage von Liebe und Wahrheit aufzubauen und modernen Herausforderungen mit unersch\u00fctterlicher Hoffnung zu begegnen.<\/p>\n\n\n\n<p>M\u00f6ge diese Reflexion die Gl\u00e4ubigen dazu inspirieren, sowohl ihren Glauben als auch ihr kritisches Denken zu pflegen, stets daran denkend, dass die Suche nach Wahrheit letztendlich ein Akt der Liebe zu Gott und zum N\u00e4chsten ist.<\/p>\n","protected":false},"excerpt":{"rendered":"<p>In einer zunehmend polarisierten und komplexen Welt stellt sich oft die Frage, welchen Wert der Glaube bei der Entwicklung eines kritischen und vernunftbasierten Denkens haben kann. In der katholischen Tradition ist der Glaube nicht nur ein Akt spirituellen Engagements, sondern auch ein Mittel zur pers\u00f6nlichen Entwicklung und zur Suche nach Wahrheit. Auf den ersten Blick &hellip;<\/p>\n","protected":false},"author":3,"featured_media":1267,"comment_status":"open","ping_status":"open","sticky":false,"template":"","format":"standard","meta":{"_seopress_robots_primary_cat":"","_seopress_titles_title":"","_seopress_titles_desc":"","_seopress_robots_index":"","footnotes":""},"categories":[41,63],"tags":[285,286],"class_list":["post-1266","post","type-post","status-publish","format-standard","has-post-thumbnail","","category-glaube-und-kultur","category-philosophie-und-glaube","tag-glaube","tag-kritische-denken"],"_links":{"self":[{"href":"https:\/\/catholicus.eu\/de\/wp-json\/wp\/v2\/posts\/1266","targetHints":{"allow":["GET"]}}],"collection":[{"href":"https:\/\/catholicus.eu\/de\/wp-json\/wp\/v2\/posts"}],"about":[{"href":"https:\/\/catholicus.eu\/de\/wp-json\/wp\/v2\/types\/post"}],"author":[{"embeddable":true,"href":"https:\/\/catholicus.eu\/de\/wp-json\/wp\/v2\/users\/3"}],"replies":[{"embeddable":true,"href":"https:\/\/catholicus.eu\/de\/wp-json\/wp\/v2\/comments?post=1266"}],"version-history":[{"count":1,"href":"https:\/\/catholicus.eu\/de\/wp-json\/wp\/v2\/posts\/1266\/revisions"}],"predecessor-version":[{"id":1268,"href":"https:\/\/catholicus.eu\/de\/wp-json\/wp\/v2\/posts\/1266\/revisions\/1268"}],"wp:featuredmedia":[{"embeddable":true,"href":"https:\/\/catholicus.eu\/de\/wp-json\/wp\/v2\/media\/1267"}],"wp:attachment":[{"href":"https:\/\/catholicus.eu\/de\/wp-json\/wp\/v2\/media?parent=1266"}],"wp:term":[{"taxonomy":"category","embeddable":true,"href":"https:\/\/catholicus.eu\/de\/wp-json\/wp\/v2\/categories?post=1266"},{"taxonomy":"post_tag","embeddable":true,"href":"https:\/\/catholicus.eu\/de\/wp-json\/wp\/v2\/tags?post=1266"}],"curies":[{"name":"wp","href":"https:\/\/api.w.org\/{rel}","templated":true}]}}