{"id":1151,"date":"2024-11-02T22:20:18","date_gmt":"2024-11-02T21:20:18","guid":{"rendered":"https:\/\/catholicus.eu\/de\/?p=1151"},"modified":"2024-11-02T22:20:18","modified_gmt":"2024-11-02T21:20:18","slug":"das-heil-erlangt-man-durch-werke-und-nicht-allein-durch-den-glauben-ein-ganzheitlicher-weg-zu-gott","status":"publish","type":"post","link":"https:\/\/catholicus.eu\/de\/das-heil-erlangt-man-durch-werke-und-nicht-allein-durch-den-glauben-ein-ganzheitlicher-weg-zu-gott\/","title":{"rendered":"Das Heil Erlangt Man Durch Werke und Nicht Allein Durch den Glauben: Ein Ganzheitlicher Weg zu Gott"},"content":{"rendered":"\n<p>Glaube und Werke bilden seit jeher zwei S\u00e4ulen des christlichen Lebens und inspirieren Jahrhunderte der theologischen Reflexion sowie tiefgreifende Debatten innerhalb der katholischen Kirche. Von den fr\u00fchen Aposteln bis hin zu den Kirchenv\u00e4tern und sp\u00e4ter in den Diskussionen der Reformation und des Konzils von Trient haben Christen versucht zu verstehen, wie das Heil erlangt wird. Dieser Artikel beleuchtet das Gleichgewicht zwischen Glauben und Werken, die katholische Position zu diesem Thema und wie wir diese Lehre vollst\u00e4ndig und konkret in unserem Alltag leben k\u00f6nnen.<\/p>\n\n\n\n<h3 class=\"wp-block-heading\">Glaube und Werke: Eine Untrennbare Verbindung<\/h3>\n\n\n\n<p>Um die Rolle der Werke auf dem Weg zum Heil zu verstehen, m\u00fcssen wir zun\u00e4chst die Position der katholischen Kirche und die biblischen Grundlagen dieser Lehre untersuchen. Im Jakobusbrief wird klar gesagt: <em>\u201eSo ist auch der Glaube f\u00fcr sich allein tot, wenn er nicht Werke vorzuweisen hat\u201c<\/em> (Jakobus 2,17). Diese Aussage soll die Bedeutung des Glaubens nicht schm\u00e4lern, sondern betont, dass sich ein wahrer Glaube nat\u00fcrlich in konkreten, lebendigen Taten ausdr\u00fcckt.<\/p>\n\n\n\n<p>Die katholische Lehre besagt, dass das Heil mit dem Glauben beginnt \u2013 ein freies Geschenk Gottes, das uns gegeben wird, damit wir uns seiner Liebe \u00f6ffnen k\u00f6nnen \u2013, jedoch nicht beim Glauben allein endet. Damit ein Leben des Glaubens authentisch ist, muss es durch Werke bezeugt werden: Akte der Liebe, Gerechtigkeit, Barmherzigkeit und des Dienens. Auch der heilige Paulus bietet Anleitung zu diesem Verh\u00e4ltnis, wenn er sagt: <em>\u201eUnd wenn ich alle Glaubenskraft bes\u00e4\u00dfe und Berge versetzen k\u00f6nnte, h\u00e4tte aber die Liebe nicht, w\u00e4re ich nichts\u201c<\/em> (1 Korinther 13,2). Dies zeigt uns, dass der Glaube durch die t\u00e4tige Liebe zu anderen ausgedr\u00fcckt und gen\u00e4hrt werden muss.<\/p>\n\n\n\n<h3 class=\"wp-block-heading\">Die Historische Debatte: Von der Reformation zum Konzil von Trient<\/h3>\n\n\n\n<p>Im 16. Jahrhundert stand die Kirche mit der protestantischen Reformation vor einem der kritischsten Momente ihrer Geschichte, als Martin Luther die ber\u00fchmte These von der <em>sola fide<\/em> (allein durch den Glauben) aufstellte und argumentierte, dass das Heil ausschlie\u00dflich durch den Glauben und nicht durch Werke erlangt werde. Luther st\u00fctzte diese Position auf seine Interpretation der Schriften des heiligen Paulus, insbesondere in dem Brief an die R\u00f6mer, in dem der Apostel sagt: <em>\u201eDenn wir sind \u00fcberzeugt, dass der Mensch gerecht wird durch den Glauben, unabh\u00e4ngig von Werken des Gesetzes\u201c<\/em> (R\u00f6mer 3,28).<\/p>\n\n\n\n<p>Doch die katholische Kirche bekr\u00e4ftigte auf dem Konzil von Trient (1545-1563), dass, obwohl der Glaube wesentlich ist, er allein nicht ausreicht, um das Heil zu erlangen. Die Lehre der Kirche besagt, dass die Gnade Gottes die Quelle unserer Rechtfertigung und unseres Heils ist, der Mensch jedoch, der mit freiem Willen geschaffen wurde, aktiv durch seine Werke mitwirken muss, damit diese Gnade Fr\u00fcchte tr\u00e4gt. Werke sind in diesem Sinne keine Last oder ein alternativer Weg zum Glauben, sondern eine notwendige Ausdrucksform desselben. So best\u00e4tigte das Konzil, dass Glaube und Werke zwei Seiten derselben Medaille im christlichen Leben sind.<\/p>\n\n\n\n<h3 class=\"wp-block-heading\">Werke als Antwort der Liebe<\/h3>\n\n\n\n<p>Die Position der Kirche sollte nicht als eine Art Handel verstanden werden, bei dem Werke \u201edas Heil erkaufen\u201c. Vielmehr sind Werke eine Antwort der Liebe auf die unendliche Liebe Gottes. Wenn wir Gottes Liebe wirklich erfahren und an ihn glauben, ver\u00e4ndert sich etwas in uns. Diese innere Verwandlung f\u00fchrt uns dazu, auf neue Weise zu handeln, das Gute und Gerechte zu suchen und anderen als Ausdruck dieser Liebe zu dienen.<\/p>\n\n\n\n<p>Jesus selbst gibt uns im Evangelium nach Matth\u00e4us ein Bild davon, was es bedeutet, einen lebendigen Glauben zu leben. In der Parabel vom J\u00fcngsten Gericht (Matth\u00e4us 25,31-46) erz\u00e4hlt er uns, dass er am Ende der Zeit die Menschen danach richten wird, wie sie die Bed\u00fcrftigen behandelt haben: <em>\u201eDenn ich war hungrig, und ihr habt mir zu essen gegeben; ich war durstig, und ihr habt mir zu trinken gegeben; ich war fremd, und ihr habt mich aufgenommen\u201c<\/em>. Die Werke der Barmherzigkeit, sowohl leibliche als auch geistliche, sind konkrete Wege, die Liebe Gottes in der Welt zu leben. Sie sind nicht \u201eoptional\u201c, sondern eine direkte und tiefe Antwort auf den Ruf Christi.<\/p>\n\n\n\n<h3 class=\"wp-block-heading\">Das Heil als Weg der Pers\u00f6nlichen Verwandlung<\/h3>\n\n\n\n<p>Aus katholischer Sicht ist das Heil ein kontinuierlicher Prozess der Heiligung, bei dem jeder Schritt uns n\u00e4her zu Gott bringt. Die Taufe zum Beispiel f\u00fchrt uns in den Weg der Gnade ein und macht uns zu Kindern Gottes. Doch es sind unser t\u00e4gliches Leben, unsere Entscheidungen und unsere Werke, die unsere Beziehung zu ihm pr\u00e4gen. Der heilige Thomas von Aquin beschrieb diese Beziehung als ein Wachstum in der N\u00e4chstenliebe, in der Liebe, die Gott uns schenkt und die wir leben sollen.<\/p>\n\n\n\n<p>Durch Werke nehmen wir auch an der Errichtung des Reiches Gottes auf Erden teil. Wie das Zweite Vatikanische Konzil uns erinnert, sind alle Gl\u00e4ubigen dazu berufen, \u201edas Salz der Erde und das Licht der Welt\u201c (Matth\u00e4us 5,13-14) zu sein, das hei\u00dft, positiv auf die Welt einzuwirken und die g\u00f6ttliche G\u00fcte zu reflektieren. Dieser Ruf ist im Wesentlichen ein Aufruf zum Handeln: ein Leben der N\u00e4chstenliebe, der Gerechtigkeit und des Friedens zu f\u00fchren.<\/p>\n\n\n\n<h3 class=\"wp-block-heading\">Praktische Anwendungen: Wie Man den Glauben Durch Werke Lebt<\/h3>\n\n\n\n<p>Um einen lebendigen Glauben zu leben, k\u00f6nnen wir mehrere konkrete Praktiken in unseren Alltag integrieren. Diese Handlungen m\u00fcssen keine gro\u00dfen Gesten sein, sondern k\u00f6nnen kleine Entscheidungen und Liebeshandlungen sein:<\/p>\n\n\n\n<ol class=\"wp-block-list\">\n<li><strong>Die Werke der Barmherzigkeit Praktizieren<\/strong>: Die Werke der Barmherzigkeit (den Hungrigen zu essen geben, die Kranken besuchen, die Leidenden tr\u00f6sten usw.) sind konkrete Wege, den Glauben zu leben. Jedes Mal, wenn wir diese Werke tun, handeln wir wie Christus und antworten auf seine Liebe.<\/li>\n\n\n\n<li><strong>Gebet und Unterscheidung<\/strong>: Das Gebet hilft uns, den Willen Gottes in unserem Leben zu erkennen. Der Glaube gibt uns Kraft, aber das Gebet hilft uns zu verstehen, wie wir ihn in konkreten Handlungen umsetzen k\u00f6nnen, besonders in Momenten der Entscheidung oder Herausforderung.<\/li>\n\n\n\n<li><strong>Teilnahme an der Gemeinschaft<\/strong>: Sich aktiv in der Glaubensgemeinschaft zu engagieren, sei es durch die Pfarrei, Dienstaktivit\u00e4ten oder Gebetsgruppen, hilft uns, die Liebe Gottes zu teilen und zu vervielfachen. Die Kirche erinnert uns daran, dass wir ein Leib sind, und unsere Beziehung zu anderen ist ein Ausdruck unserer Beziehung zu Gott.<\/li>\n\n\n\n<li><strong>Diejenigen Lieben, die Uns N\u00e4chsten sind<\/strong>: Oft liegen unsere besten M\u00f6glichkeiten, Werke zu vollbringen, direkt in unserem Umfeld. Geduldig zuh\u00f6ren, vergeben und zu Hause oder am Arbeitsplatz Hilfe anbieten sind Gesten, die unseren Glauben zum Leben erwecken.<\/li>\n\n\n\n<li><strong>Gerechtigkeit und Frieden F\u00f6rdern<\/strong>: Ver\u00e4nderung in der Welt zu bewirken bedeutet nicht immer gro\u00dfe Aktionen; es kann ethische Entscheidungen bei der Arbeit beinhalten, Zeugnis f\u00fcr die Wahrheit abzulegen oder dazu beizutragen, eine Kultur des Friedens in unserer Umgebung zu schaffen.<\/li>\n<\/ol>\n\n\n\n<h3 class=\"wp-block-heading\">Glaube und Werke: Ein Pers\u00f6nlicher und Gemeinschaftlicher Weg<\/h3>\n\n\n\n<p>Der Aufruf, den Glauben durch Werke zu leben, ist nicht nur eine individuelle Anstrengung; der katholische Glaube ruft uns zu einer gemeinschaftlichen Erfahrung des Heils. In der Messe, im Gebet und in den Sakramenten finden wir die Gnade Gottes, die uns die Kraft gibt, unsere \u00dcberzeugungen zu leben. Die Glaubensgemeinschaft, die Kirche, unterst\u00fctzt uns auf diesem Weg, hilft uns zu wachsen und unsere \u00dcberzeugungen in die Tat umzusetzen.<\/p>\n\n\n\n<p>Glaube und Werke sind daher eine Zusammenarbeit zwischen uns und Gott. Der Glaube ist die treibende Kraft, die Wurzel, die uns mit ihm verbindet, w\u00e4hrend die Werke die Fr\u00fcchte sind, die aus dieser Verbindung hervorgehen und sie greifbar machen. Jeder Akt der Liebe und des Dienstes ist eine kleine Teilnahme am Erl\u00f6sungswerk Christi in der Welt.<\/p>\n\n\n\n<h3 class=\"wp-block-heading\">Abschlie\u00dfende Reflexion: Der Weg des Glaubens in der Tat<\/h3>\n\n\n\n<p>Als Katholiken sind wir dazu aufgerufen, einen Glauben zu leben, der nicht nur glaubt, sondern handelt, einen Glauben, der nicht nur in Worten bleibt, sondern Leben wird. Die Einladung besteht darin, unseren Glauben als einen Weg der Verwandlung neu zu entdecken und unsere Werke Zeugnis von der Liebe Gottes in der Welt ablegen zu lassen. Heute, mehr denn je, braucht die Kirche engagierte Christen, die einen authentischen und aktiven Glauben in einer Welt leben, die nach Hoffnung, Gerechtigkeit und Mitgef\u00fchl d\u00fcrstet.<\/p>\n\n\n\n<p>Erinnern wir uns an die Worte des Jakobus: <em>\u201eZeige mir deinen Glauben ohne Werke, und ich werde dir meinen Glauben aus meinen Werken zeigen\u201c<\/em> (Jakobus 2,18). Dies ist der vollst\u00e4ndige Glaube, der Glaube, der rettet und verwandelt, der Glaube, der uns durch Liebe, Gerechtigkeit und Dienst zu Gott f\u00fchrt.<\/p>\n","protected":false},"excerpt":{"rendered":"<p>Glaube und Werke bilden seit jeher zwei S\u00e4ulen des christlichen Lebens und inspirieren Jahrhunderte der theologischen Reflexion sowie tiefgreifende Debatten innerhalb der katholischen Kirche. Von den fr\u00fchen Aposteln bis hin zu den Kirchenv\u00e4tern und sp\u00e4ter in den Diskussionen der Reformation und des Konzils von Trient haben Christen versucht zu verstehen, wie das Heil erlangt wird. &hellip;<\/p>\n","protected":false},"author":3,"featured_media":1152,"comment_status":"open","ping_status":"open","sticky":false,"template":"","format":"standard","meta":{"_seopress_robots_primary_cat":"","_seopress_titles_title":"","_seopress_titles_desc":"","_seopress_robots_index":"","footnotes":""},"categories":[39,53],"tags":[],"class_list":["post-1151","post","type-post","status-publish","format-standard","has-post-thumbnail","","category-moral-und-christliches-leben","category-soziallehre-der-kirche"],"_links":{"self":[{"href":"https:\/\/catholicus.eu\/de\/wp-json\/wp\/v2\/posts\/1151","targetHints":{"allow":["GET"]}}],"collection":[{"href":"https:\/\/catholicus.eu\/de\/wp-json\/wp\/v2\/posts"}],"about":[{"href":"https:\/\/catholicus.eu\/de\/wp-json\/wp\/v2\/types\/post"}],"author":[{"embeddable":true,"href":"https:\/\/catholicus.eu\/de\/wp-json\/wp\/v2\/users\/3"}],"replies":[{"embeddable":true,"href":"https:\/\/catholicus.eu\/de\/wp-json\/wp\/v2\/comments?post=1151"}],"version-history":[{"count":1,"href":"https:\/\/catholicus.eu\/de\/wp-json\/wp\/v2\/posts\/1151\/revisions"}],"predecessor-version":[{"id":1153,"href":"https:\/\/catholicus.eu\/de\/wp-json\/wp\/v2\/posts\/1151\/revisions\/1153"}],"wp:featuredmedia":[{"embeddable":true,"href":"https:\/\/catholicus.eu\/de\/wp-json\/wp\/v2\/media\/1152"}],"wp:attachment":[{"href":"https:\/\/catholicus.eu\/de\/wp-json\/wp\/v2\/media?parent=1151"}],"wp:term":[{"taxonomy":"category","embeddable":true,"href":"https:\/\/catholicus.eu\/de\/wp-json\/wp\/v2\/categories?post=1151"},{"taxonomy":"post_tag","embeddable":true,"href":"https:\/\/catholicus.eu\/de\/wp-json\/wp\/v2\/tags?post=1151"}],"curies":[{"name":"wp","href":"https:\/\/api.w.org\/{rel}","templated":true}]}}